{"id":817,"date":"2024-02-15T16:36:42","date_gmt":"2024-02-15T15:36:42","guid":{"rendered":"http:\/\/blogcinemacentansdejeunesse.org\/filmer-l-autre\/?p=817"},"modified":"2024-05-28T19:15:05","modified_gmt":"2024-05-28T17:15:05","slug":"escola-marquesa-de-alorna","status":"publish","type":"post","link":"http:\/\/blogcinemacentansdejeunesse.org\/filmer-l-autre\/2024\/02\/15\/escola-marquesa-de-alorna\/","title":{"rendered":"Escola Marquesa de Alorna &#8211; Apresenta\u00e7\u00e3o"},"content":{"rendered":"\n<figure class=\"wp-block-image size-full\"><img decoding=\"async\" loading=\"lazy\" width=\"2560\" height=\"1920\" src=\"http:\/\/blogcinemacentansdejeunesse.org\/filmer-l-autre\/wp-content\/uploads\/sites\/13\/2024\/05\/IMG_7596-min-2-scaled.jpg\" alt=\"\" class=\"wp-image-1488\" srcset=\"http:\/\/blogcinemacentansdejeunesse.org\/filmer-l-autre\/wp-content\/uploads\/sites\/13\/2024\/05\/IMG_7596-min-2-scaled.jpg 2560w, http:\/\/blogcinemacentansdejeunesse.org\/filmer-l-autre\/wp-content\/uploads\/sites\/13\/2024\/05\/IMG_7596-min-2-300x225.jpg 300w\" sizes=\"(max-width: 2560px) 100vw, 2560px\" \/><\/figure>\n\n\n\n<p>Ol\u00e1!<br>Somos os alunos do Atelier de Cinema da Escola B\u00e1sica Marquesa de Alorna e gostamos muito<br>de cinema!<br>Somos 18 alunos, 8 rapazes e 10 raparigas, dos 10 aos 12 anos.<br>Adoramos os exerc\u00edcios pr\u00e1ticos: produ\u00e7\u00e3o, conhecer novos s\u00edtios (rep\u00e9rage), gravar som,<br>filmar e conhecer pessoas novas.<br>Estamos muito entusiasmados com o encontro de todos os participantes em Lisboa, que<br>vamos conhecer em junho.<br>At\u00e9 breve!<\/p>\n\n\n\n<p>Hey!<br>We are students from Escola B\u00e1sica Marquesa de Alorna&rsquo;s Cinema Workshop and we love cinema!<br>There are 18 of us, 8 boys and 10 girls, aged 10 to 12.<br>We love practical exercises: production, discovering new places (rep\u00e9rage), filming and meeting new people.<br>We are really excited to meet with all the other participants in Lisbon, which we will all be meeting in June.<br>See you soon!<\/p>\n\n\n\n<p class=\"has-text-align-center\">1\u00ba Exerc\u00edcio &#8211; Retrato de um animal \/ 1st Exercise &#8211; Portrait of an animal<\/p>\n\n\n\n<figure class=\"wp-block-image size-large is-resized\"><img decoding=\"async\" loading=\"lazy\" src=\"http:\/\/blogcinemacentansdejeunesse.org\/filmer-l-autre\/wp-content\/uploads\/sites\/13\/2024\/02\/20231012_CCAJ_1-sessao-MAlorna_1010024-1024x576.jpeg\" alt=\"\" class=\"wp-image-818\" width=\"654\" height=\"367\" srcset=\"http:\/\/blogcinemacentansdejeunesse.org\/filmer-l-autre\/wp-content\/uploads\/sites\/13\/2024\/02\/20231012_CCAJ_1-sessao-MAlorna_1010024-1024x576.jpeg 1024w, http:\/\/blogcinemacentansdejeunesse.org\/filmer-l-autre\/wp-content\/uploads\/sites\/13\/2024\/02\/20231012_CCAJ_1-sessao-MAlorna_1010024-300x169.jpeg 300w, http:\/\/blogcinemacentansdejeunesse.org\/filmer-l-autre\/wp-content\/uploads\/sites\/13\/2024\/02\/20231012_CCAJ_1-sessao-MAlorna_1010024-768x432.jpeg 768w, http:\/\/blogcinemacentansdejeunesse.org\/filmer-l-autre\/wp-content\/uploads\/sites\/13\/2024\/02\/20231012_CCAJ_1-sessao-MAlorna_1010024-1536x864.jpeg 1536w, http:\/\/blogcinemacentansdejeunesse.org\/filmer-l-autre\/wp-content\/uploads\/sites\/13\/2024\/02\/20231012_CCAJ_1-sessao-MAlorna_1010024-2048x1152.jpeg 2048w\" sizes=\"(max-width: 654px) 100vw, 654px\" \/><\/figure>\n\n\n\n<p class=\"has-text-align-center\">Visualiza\u00e7\u00e3o do filme \u00ab\u00a0La Petite Fille et son Chat\u00a0\u00bb de Louis Lumi\u00e8re e um excerto \u00ab\u00a0N\u00e9nette\u00a0\u00bb de Nicholas Philibert  <\/p>\n\n\n\n<p class=\"has-text-align-center\">Seeing in class excerpts of the documentary films \u00ab\u00a0La Petite Fille et son Chat\u00a0\u00bb by Louis Loumi\u00e8re and \u00ab\u00a0N\u00e9nette\u00a0\u00bb by Nicholas Philibert<\/p>\n\n\n<div class=\"wp-block-image\">\n<figure class=\"aligncenter size-large is-resized\"><img decoding=\"async\" loading=\"lazy\" src=\"http:\/\/blogcinemacentansdejeunesse.org\/filmer-l-autre\/wp-content\/uploads\/sites\/13\/2024\/02\/20231123_CCAJ_4a-sessao-MAlornaP1010002-1024x576.jpeg\" alt=\"\" class=\"wp-image-820\" width=\"646\" height=\"363\" srcset=\"http:\/\/blogcinemacentansdejeunesse.org\/filmer-l-autre\/wp-content\/uploads\/sites\/13\/2024\/02\/20231123_CCAJ_4a-sessao-MAlornaP1010002-1024x576.jpeg 1024w, http:\/\/blogcinemacentansdejeunesse.org\/filmer-l-autre\/wp-content\/uploads\/sites\/13\/2024\/02\/20231123_CCAJ_4a-sessao-MAlornaP1010002-300x169.jpeg 300w, http:\/\/blogcinemacentansdejeunesse.org\/filmer-l-autre\/wp-content\/uploads\/sites\/13\/2024\/02\/20231123_CCAJ_4a-sessao-MAlornaP1010002-768x432.jpeg 768w, http:\/\/blogcinemacentansdejeunesse.org\/filmer-l-autre\/wp-content\/uploads\/sites\/13\/2024\/02\/20231123_CCAJ_4a-sessao-MAlornaP1010002-1536x864.jpeg 1536w, http:\/\/blogcinemacentansdejeunesse.org\/filmer-l-autre\/wp-content\/uploads\/sites\/13\/2024\/02\/20231123_CCAJ_4a-sessao-MAlornaP1010002-2048x1152.jpeg 2048w\" sizes=\"(max-width: 646px) 100vw, 646px\" \/><\/figure><\/div>\n\n\n<p class=\"has-text-align-center\">         Rodagem do 1\u00ba exerc\u00edcio \/ Shooting the first exercise<\/p>\n\n\n<div class=\"wp-block-image\">\n<figure class=\"alignleft size-large is-resized\"><img decoding=\"async\" loading=\"lazy\" src=\"http:\/\/blogcinemacentansdejeunesse.org\/filmer-l-autre\/wp-content\/uploads\/sites\/13\/2024\/02\/20231215_CCAJ_5-sessao-Marquesa-de-Alorna_1010124-1024x576.jpeg\" alt=\"\" class=\"wp-image-822\" width=\"475\" height=\"267\" srcset=\"http:\/\/blogcinemacentansdejeunesse.org\/filmer-l-autre\/wp-content\/uploads\/sites\/13\/2024\/02\/20231215_CCAJ_5-sessao-Marquesa-de-Alorna_1010124-1024x576.jpeg 1024w, http:\/\/blogcinemacentansdejeunesse.org\/filmer-l-autre\/wp-content\/uploads\/sites\/13\/2024\/02\/20231215_CCAJ_5-sessao-Marquesa-de-Alorna_1010124-300x169.jpeg 300w, http:\/\/blogcinemacentansdejeunesse.org\/filmer-l-autre\/wp-content\/uploads\/sites\/13\/2024\/02\/20231215_CCAJ_5-sessao-Marquesa-de-Alorna_1010124-768x432.jpeg 768w, http:\/\/blogcinemacentansdejeunesse.org\/filmer-l-autre\/wp-content\/uploads\/sites\/13\/2024\/02\/20231215_CCAJ_5-sessao-Marquesa-de-Alorna_1010124-1536x864.jpeg 1536w, http:\/\/blogcinemacentansdejeunesse.org\/filmer-l-autre\/wp-content\/uploads\/sites\/13\/2024\/02\/20231215_CCAJ_5-sessao-Marquesa-de-Alorna_1010124-2048x1152.jpeg 2048w\" sizes=\"(max-width: 475px) 100vw, 475px\" \/><\/figure><\/div>\n\n<div class=\"wp-block-image\">\n<figure class=\"alignright size-large is-resized\"><img decoding=\"async\" loading=\"lazy\" src=\"http:\/\/blogcinemacentansdejeunesse.org\/filmer-l-autre\/wp-content\/uploads\/sites\/13\/2024\/02\/20231215_CCAJ_5-sessao-Marquesa-de-Alorna_1010140-1024x576.jpeg\" alt=\"\" class=\"wp-image-821\" width=\"439\" height=\"247\" srcset=\"http:\/\/blogcinemacentansdejeunesse.org\/filmer-l-autre\/wp-content\/uploads\/sites\/13\/2024\/02\/20231215_CCAJ_5-sessao-Marquesa-de-Alorna_1010140-1024x576.jpeg 1024w, http:\/\/blogcinemacentansdejeunesse.org\/filmer-l-autre\/wp-content\/uploads\/sites\/13\/2024\/02\/20231215_CCAJ_5-sessao-Marquesa-de-Alorna_1010140-300x169.jpeg 300w, http:\/\/blogcinemacentansdejeunesse.org\/filmer-l-autre\/wp-content\/uploads\/sites\/13\/2024\/02\/20231215_CCAJ_5-sessao-Marquesa-de-Alorna_1010140-768x432.jpeg 768w, http:\/\/blogcinemacentansdejeunesse.org\/filmer-l-autre\/wp-content\/uploads\/sites\/13\/2024\/02\/20231215_CCAJ_5-sessao-Marquesa-de-Alorna_1010140-1536x864.jpeg 1536w, http:\/\/blogcinemacentansdejeunesse.org\/filmer-l-autre\/wp-content\/uploads\/sites\/13\/2024\/02\/20231215_CCAJ_5-sessao-Marquesa-de-Alorna_1010140-2048x1152.jpeg 2048w\" sizes=\"(max-width: 439px) 100vw, 439px\" \/><\/figure><\/div>\n\n\n<figure class=\"wp-block-image size-large\"><img decoding=\"async\" loading=\"lazy\" width=\"1024\" height=\"576\" src=\"http:\/\/blogcinemacentansdejeunesse.org\/filmer-l-autre\/wp-content\/uploads\/sites\/13\/2024\/05\/20231215_CCAJ_5-sessao-Marquesa-de-Alorna_1010127-min-1024x576.jpg\" alt=\"\" class=\"wp-image-1538\" srcset=\"http:\/\/blogcinemacentansdejeunesse.org\/filmer-l-autre\/wp-content\/uploads\/sites\/13\/2024\/05\/20231215_CCAJ_5-sessao-Marquesa-de-Alorna_1010127-min-1024x576.jpg 1024w, http:\/\/blogcinemacentansdejeunesse.org\/filmer-l-autre\/wp-content\/uploads\/sites\/13\/2024\/05\/20231215_CCAJ_5-sessao-Marquesa-de-Alorna_1010127-min-300x169.jpg 300w, http:\/\/blogcinemacentansdejeunesse.org\/filmer-l-autre\/wp-content\/uploads\/sites\/13\/2024\/05\/20231215_CCAJ_5-sessao-Marquesa-de-Alorna_1010127-min-768x432.jpg 768w, http:\/\/blogcinemacentansdejeunesse.org\/filmer-l-autre\/wp-content\/uploads\/sites\/13\/2024\/05\/20231215_CCAJ_5-sessao-Marquesa-de-Alorna_1010127-min-1536x864.jpg 1536w, http:\/\/blogcinemacentansdejeunesse.org\/filmer-l-autre\/wp-content\/uploads\/sites\/13\/2024\/05\/20231215_CCAJ_5-sessao-Marquesa-de-Alorna_1010127-min-2048x1152.jpg 2048w\" sizes=\"(max-width: 1024px) 100vw, 1024px\" \/><\/figure>\n\n\n\n<p class=\"has-text-align-center\">Fotogramas do 1\u00ba exerc\u00edcio \/ Stills from the first exercise<\/p>\n\n\n<div class=\"wp-block-image\">\n<figure class=\"aligncenter size-large is-resized\"><img decoding=\"async\" loading=\"lazy\" src=\"http:\/\/blogcinemacentansdejeunesse.org\/filmer-l-autre\/wp-content\/uploads\/sites\/13\/2024\/05\/Captura-de-ecra-2024-05-03-as-17.49.35-min-1024x576.png\" alt=\"\" class=\"wp-image-1545\" width=\"590\" height=\"331\" srcset=\"http:\/\/blogcinemacentansdejeunesse.org\/filmer-l-autre\/wp-content\/uploads\/sites\/13\/2024\/05\/Captura-de-ecra-2024-05-03-as-17.49.35-min-1024x576.png 1024w, http:\/\/blogcinemacentansdejeunesse.org\/filmer-l-autre\/wp-content\/uploads\/sites\/13\/2024\/05\/Captura-de-ecra-2024-05-03-as-17.49.35-min-300x169.png 300w, http:\/\/blogcinemacentansdejeunesse.org\/filmer-l-autre\/wp-content\/uploads\/sites\/13\/2024\/05\/Captura-de-ecra-2024-05-03-as-17.49.35-min-768x432.png 768w, http:\/\/blogcinemacentansdejeunesse.org\/filmer-l-autre\/wp-content\/uploads\/sites\/13\/2024\/05\/Captura-de-ecra-2024-05-03-as-17.49.35-min-1536x864.png 1536w, http:\/\/blogcinemacentansdejeunesse.org\/filmer-l-autre\/wp-content\/uploads\/sites\/13\/2024\/05\/Captura-de-ecra-2024-05-03-as-17.49.35-min.png 1920w\" sizes=\"(max-width: 590px) 100vw, 590px\" \/><\/figure><\/div>\n\n<div class=\"wp-block-image\">\n<figure class=\"aligncenter size-large is-resized\"><img decoding=\"async\" loading=\"lazy\" src=\"http:\/\/blogcinemacentansdejeunesse.org\/filmer-l-autre\/wp-content\/uploads\/sites\/13\/2024\/05\/Captura-de-ecra-2024-05-03-as-16.10.47-min-1024x576.png\" alt=\"\" class=\"wp-image-1540\" width=\"579\" height=\"325\" srcset=\"http:\/\/blogcinemacentansdejeunesse.org\/filmer-l-autre\/wp-content\/uploads\/sites\/13\/2024\/05\/Captura-de-ecra-2024-05-03-as-16.10.47-min-1024x576.png 1024w, http:\/\/blogcinemacentansdejeunesse.org\/filmer-l-autre\/wp-content\/uploads\/sites\/13\/2024\/05\/Captura-de-ecra-2024-05-03-as-16.10.47-min-300x169.png 300w, http:\/\/blogcinemacentansdejeunesse.org\/filmer-l-autre\/wp-content\/uploads\/sites\/13\/2024\/05\/Captura-de-ecra-2024-05-03-as-16.10.47-min-768x432.png 768w, http:\/\/blogcinemacentansdejeunesse.org\/filmer-l-autre\/wp-content\/uploads\/sites\/13\/2024\/05\/Captura-de-ecra-2024-05-03-as-16.10.47-min-1536x864.png 1536w, http:\/\/blogcinemacentansdejeunesse.org\/filmer-l-autre\/wp-content\/uploads\/sites\/13\/2024\/05\/Captura-de-ecra-2024-05-03-as-16.10.47-min.png 1920w\" sizes=\"(max-width: 579px) 100vw, 579px\" \/><\/figure><\/div>\n\n\n<p class=\"has-text-align-center\">2\u00ba Exerc\u00edcio &#8211; Apresenta\u00e7\u00e3o de um espa\u00e7o \/ 2nd Exercise &#8211; Presentation of a place<\/p>\n\n\n\n<p class=\"has-text-align-center\">Visualiza\u00e7\u00e3o em aula do filme \u00ab\u00a0The Balcony Movie\u00a0\u00bb de Pawel Lozinski \/ Watching in class the film \u00ab\u00a0The Balcony Movie\u00a0\u00bb by Pawel Lozinski\u00a0\u00bb<\/p>\n\n\n<div class=\"wp-block-image\">\n<figure class=\"alignright size-large is-resized\"><img decoding=\"async\" loading=\"lazy\" src=\"http:\/\/blogcinemacentansdejeunesse.org\/filmer-l-autre\/wp-content\/uploads\/sites\/13\/2024\/05\/20231123_CCAJ_4a-sessao-MAlornaP1010011-min-1024x576.jpg\" alt=\"\" class=\"wp-image-1565\" width=\"526\" height=\"295\" srcset=\"http:\/\/blogcinemacentansdejeunesse.org\/filmer-l-autre\/wp-content\/uploads\/sites\/13\/2024\/05\/20231123_CCAJ_4a-sessao-MAlornaP1010011-min-1024x576.jpg 1024w, http:\/\/blogcinemacentansdejeunesse.org\/filmer-l-autre\/wp-content\/uploads\/sites\/13\/2024\/05\/20231123_CCAJ_4a-sessao-MAlornaP1010011-min-300x169.jpg 300w, http:\/\/blogcinemacentansdejeunesse.org\/filmer-l-autre\/wp-content\/uploads\/sites\/13\/2024\/05\/20231123_CCAJ_4a-sessao-MAlornaP1010011-min-768x432.jpg 768w, http:\/\/blogcinemacentansdejeunesse.org\/filmer-l-autre\/wp-content\/uploads\/sites\/13\/2024\/05\/20231123_CCAJ_4a-sessao-MAlornaP1010011-min-1536x864.jpg 1536w, http:\/\/blogcinemacentansdejeunesse.org\/filmer-l-autre\/wp-content\/uploads\/sites\/13\/2024\/05\/20231123_CCAJ_4a-sessao-MAlornaP1010011-min-2048x1152.jpg 2048w\" sizes=\"(max-width: 526px) 100vw, 526px\" \/><\/figure><\/div>\n\n<div class=\"wp-block-image\">\n<figure class=\"alignleft size-large is-resized\"><img decoding=\"async\" loading=\"lazy\" src=\"http:\/\/blogcinemacentansdejeunesse.org\/filmer-l-autre\/wp-content\/uploads\/sites\/13\/2024\/05\/Captura-de-ecra-2024-05-07-as-14.38.38-min-1024x576.png\" alt=\"\" class=\"wp-image-1566\" width=\"544\" height=\"305\" srcset=\"http:\/\/blogcinemacentansdejeunesse.org\/filmer-l-autre\/wp-content\/uploads\/sites\/13\/2024\/05\/Captura-de-ecra-2024-05-07-as-14.38.38-min-1024x576.png 1024w, http:\/\/blogcinemacentansdejeunesse.org\/filmer-l-autre\/wp-content\/uploads\/sites\/13\/2024\/05\/Captura-de-ecra-2024-05-07-as-14.38.38-min-300x169.png 300w, http:\/\/blogcinemacentansdejeunesse.org\/filmer-l-autre\/wp-content\/uploads\/sites\/13\/2024\/05\/Captura-de-ecra-2024-05-07-as-14.38.38-min-768x432.png 768w, http:\/\/blogcinemacentansdejeunesse.org\/filmer-l-autre\/wp-content\/uploads\/sites\/13\/2024\/05\/Captura-de-ecra-2024-05-07-as-14.38.38-min-1536x864.png 1536w, http:\/\/blogcinemacentansdejeunesse.org\/filmer-l-autre\/wp-content\/uploads\/sites\/13\/2024\/05\/Captura-de-ecra-2024-05-07-as-14.38.38-min.png 1920w\" sizes=\"(max-width: 544px) 100vw, 544px\" \/><\/figure><\/div>\n\n\n<div class=\"is-layout-constrained wp-block-group\"><div class=\"wp-block-group__inner-container\"><\/div><\/div>\n\n\n\n<figure class=\"wp-block-image\"><img alt=\"\" \/><\/figure>\n\n\n\n<figure class=\"wp-block-image\"><img alt=\"\" \/><\/figure>\n","protected":false},"excerpt":{"rendered":"<p>Ol\u00e1!Somos os alunos do Atelier de Cinema da Escola B\u00e1sica Marquesa de Alorna e gostamos muitode cinema!Somos 18 alunos, 8 rapazes e 10 raparigas, dos 10 aos 12 anos.Adoramos os exerc\u00edcios pr\u00e1ticos: produ\u00e7\u00e3o, conhecer novos s\u00edtios (rep\u00e9rage), gravar som,filmar e &hellip; <a href=\"http:\/\/blogcinemacentansdejeunesse.org\/filmer-l-autre\/2024\/02\/15\/escola-marquesa-de-alorna\/\">Continuer la lecture <span class=\"meta-nav\">&rarr;<\/span><\/a><\/p>\n","protected":false},"author":67,"featured_media":0,"comment_status":"open","ping_status":"open","sticky":false,"template":"","format":"standard","meta":{"_coblocks_attr":"","_coblocks_dimensions":"","_coblocks_responsive_height":"","_coblocks_accordion_ie_support":""},"categories":[1],"tags":[],"_links":{"self":[{"href":"http:\/\/blogcinemacentansdejeunesse.org\/filmer-l-autre\/wp-json\/wp\/v2\/posts\/817"}],"collection":[{"href":"http:\/\/blogcinemacentansdejeunesse.org\/filmer-l-autre\/wp-json\/wp\/v2\/posts"}],"about":[{"href":"http:\/\/blogcinemacentansdejeunesse.org\/filmer-l-autre\/wp-json\/wp\/v2\/types\/post"}],"author":[{"embeddable":true,"href":"http:\/\/blogcinemacentansdejeunesse.org\/filmer-l-autre\/wp-json\/wp\/v2\/users\/67"}],"replies":[{"embeddable":true,"href":"http:\/\/blogcinemacentansdejeunesse.org\/filmer-l-autre\/wp-json\/wp\/v2\/comments?post=817"}],"version-history":[{"count":19,"href":"http:\/\/blogcinemacentansdejeunesse.org\/filmer-l-autre\/wp-json\/wp\/v2\/posts\/817\/revisions"}],"predecessor-version":[{"id":1894,"href":"http:\/\/blogcinemacentansdejeunesse.org\/filmer-l-autre\/wp-json\/wp\/v2\/posts\/817\/revisions\/1894"}],"wp:attachment":[{"href":"http:\/\/blogcinemacentansdejeunesse.org\/filmer-l-autre\/wp-json\/wp\/v2\/media?parent=817"}],"wp:term":[{"taxonomy":"category","embeddable":true,"href":"http:\/\/blogcinemacentansdejeunesse.org\/filmer-l-autre\/wp-json\/wp\/v2\/categories?post=817"},{"taxonomy":"post_tag","embeddable":true,"href":"http:\/\/blogcinemacentansdejeunesse.org\/filmer-l-autre\/wp-json\/wp\/v2\/tags?post=817"}],"curies":[{"name":"wp","href":"https:\/\/api.w.org\/{rel}","templated":true}]}}