{"id":527,"date":"2024-02-05T13:16:57","date_gmt":"2024-02-05T12:16:57","guid":{"rendered":"http:\/\/blogcinemacentansdejeunesse.org\/filmer-l-autre\/?p=527"},"modified":"2024-05-15T20:21:33","modified_gmt":"2024-05-15T18:21:33","slug":"apresentacao-da-escola-secundaria-de-camoes","status":"publish","type":"post","link":"http:\/\/blogcinemacentansdejeunesse.org\/filmer-l-autre\/2024\/02\/05\/apresentacao-da-escola-secundaria-de-camoes\/","title":{"rendered":"Escola Secund\u00e1ria de Cam\u00f5es"},"content":{"rendered":"\n<figure class=\"wp-block-image size-large\"><img decoding=\"async\" loading=\"lazy\" width=\"1024\" height=\"768\" src=\"http:\/\/blogcinemacentansdejeunesse.org\/filmer-l-autre\/wp-content\/uploads\/sites\/13\/2024\/02\/20231018_140356_resized-1024x768.jpg\" alt=\"\" class=\"wp-image-528\" srcset=\"http:\/\/blogcinemacentansdejeunesse.org\/filmer-l-autre\/wp-content\/uploads\/sites\/13\/2024\/02\/20231018_140356_resized-1024x768.jpg 1024w, http:\/\/blogcinemacentansdejeunesse.org\/filmer-l-autre\/wp-content\/uploads\/sites\/13\/2024\/02\/20231018_140356_resized-300x225.jpg 300w, http:\/\/blogcinemacentansdejeunesse.org\/filmer-l-autre\/wp-content\/uploads\/sites\/13\/2024\/02\/20231018_140356_resized-768x576.jpg 768w, http:\/\/blogcinemacentansdejeunesse.org\/filmer-l-autre\/wp-content\/uploads\/sites\/13\/2024\/02\/20231018_140356_resized-1536x1152.jpg 1536w, http:\/\/blogcinemacentansdejeunesse.org\/filmer-l-autre\/wp-content\/uploads\/sites\/13\/2024\/02\/20231018_140356_resized-2048x1536.jpg 2048w\" sizes=\"(max-width: 1024px) 100vw, 1024px\" \/><figcaption class=\"wp-element-caption\">Foto de Grupo \/ Group Photo<\/figcaption><\/figure>\n\n\n\n<p>Somos a Sara, Zeppelin, Matilde, Teresa, Mariana, Alice, Violeta, Leonor, Frederico, Jo\u00e3o, Andr\u00e9, Joaquim, In\u00eas, Pedro, Ant\u00f3nio, Pedro, Duarte, Francisco, Luiza, In\u00eas, J\u00falia e J\u00falia.<\/p>\n\n\n\n<p>Vivemos em Lisboa, em Loures, na Amadora e em Oeiras. Somos alunos do 10\u00ba, do 11\u00ba e do 12\u00ba das \u00e1reas de Humanidades, Ci\u00eancias e Artes.<\/p>\n\n\n\n<p>Sete de n\u00f3s fizemos parte da oficina de cinema o ano passado e quisemos continuar, os outros est\u00e3o na oficina pela primeira vez e gostam de filmes, porque o cinema os impressiona, querem aprender como os filmes s\u00e3o feitos, finalmente t\u00eam hor\u00e1rio para fazer a oficina, querem ver se querem seguir cinema.<\/p>\n\n\n\n<p>*<\/p>\n\n\n\n<p>We are Sara, Zeppelin, Matilde, Teresa, Mariana, Alice, Violeta, Leonor, Frederico, Jo\u00e3o, Andr\u00e9, Joaquim, In\u00eas, Pedro, Ant\u00f3nio, Pedro, Duarte, Francisco, Luiza, In\u00eas, J\u00falia e J\u00falia.<\/p>\n\n\n\n<p>We live in Lisbon, in Loures, in Amadora and Oeiras. We are students from the 10th, 11th and 12th grade, studying Humanities, Sciences and Arts.<\/p>\n\n\n\n<p>Seven of us were part of this cinema workshop last year and we decided to continue, the others are in the workshop for the first time and enjoy movies, because cinema fascinates them. They want to learn how movies are made and they finally have an available schedule to attend the workshop. They want to know if they want to pursue cinema.<\/p>\n\n\n\n<p><\/p>\n","protected":false},"excerpt":{"rendered":"<p>Somos a Sara, Zeppelin, Matilde, Teresa, Mariana, Alice, Violeta, Leonor, Frederico, Jo\u00e3o, Andr\u00e9, Joaquim, In\u00eas, Pedro, Ant\u00f3nio, Pedro, Duarte, Francisco, Luiza, In\u00eas, J\u00falia e J\u00falia. Vivemos em Lisboa, em Loures, na Amadora e em Oeiras. Somos alunos do 10\u00ba, do &hellip; <a href=\"http:\/\/blogcinemacentansdejeunesse.org\/filmer-l-autre\/2024\/02\/05\/apresentacao-da-escola-secundaria-de-camoes\/\">Continuer la lecture <span class=\"meta-nav\">&rarr;<\/span><\/a><\/p>\n","protected":false},"author":69,"featured_media":0,"comment_status":"open","ping_status":"open","sticky":false,"template":"","format":"standard","meta":{"_coblocks_attr":"","_coblocks_dimensions":"","_coblocks_responsive_height":"","_coblocks_accordion_ie_support":""},"categories":[1],"tags":[],"_links":{"self":[{"href":"http:\/\/blogcinemacentansdejeunesse.org\/filmer-l-autre\/wp-json\/wp\/v2\/posts\/527"}],"collection":[{"href":"http:\/\/blogcinemacentansdejeunesse.org\/filmer-l-autre\/wp-json\/wp\/v2\/posts"}],"about":[{"href":"http:\/\/blogcinemacentansdejeunesse.org\/filmer-l-autre\/wp-json\/wp\/v2\/types\/post"}],"author":[{"embeddable":true,"href":"http:\/\/blogcinemacentansdejeunesse.org\/filmer-l-autre\/wp-json\/wp\/v2\/users\/69"}],"replies":[{"embeddable":true,"href":"http:\/\/blogcinemacentansdejeunesse.org\/filmer-l-autre\/wp-json\/wp\/v2\/comments?post=527"}],"version-history":[{"count":14,"href":"http:\/\/blogcinemacentansdejeunesse.org\/filmer-l-autre\/wp-json\/wp\/v2\/posts\/527\/revisions"}],"predecessor-version":[{"id":1674,"href":"http:\/\/blogcinemacentansdejeunesse.org\/filmer-l-autre\/wp-json\/wp\/v2\/posts\/527\/revisions\/1674"}],"wp:attachment":[{"href":"http:\/\/blogcinemacentansdejeunesse.org\/filmer-l-autre\/wp-json\/wp\/v2\/media?parent=527"}],"wp:term":[{"taxonomy":"category","embeddable":true,"href":"http:\/\/blogcinemacentansdejeunesse.org\/filmer-l-autre\/wp-json\/wp\/v2\/categories?post=527"},{"taxonomy":"post_tag","embeddable":true,"href":"http:\/\/blogcinemacentansdejeunesse.org\/filmer-l-autre\/wp-json\/wp\/v2\/tags?post=527"}],"curies":[{"name":"wp","href":"https:\/\/api.w.org\/{rel}","templated":true}]}}