{"id":507,"date":"2024-02-07T21:19:43","date_gmt":"2024-02-07T20:19:43","guid":{"rendered":"http:\/\/blogcinemacentansdejeunesse.org\/filmer-l-autre\/?p=507"},"modified":"2024-04-14T11:46:49","modified_gmt":"2024-04-14T09:46:49","slug":"rencontre-avec-le-realisateur-dun-court-metrage-documentaire-quitter-chouchou","status":"publish","type":"post","link":"http:\/\/blogcinemacentansdejeunesse.org\/filmer-l-autre\/2024\/02\/07\/rencontre-avec-le-realisateur-dun-court-metrage-documentaire-quitter-chouchou\/","title":{"rendered":"Rencontre avec le r\u00e9alisateur d&rsquo;un court m\u00e9trage documentaire: Quitter Chouchou"},"content":{"rendered":"\n<p>La projection a eu lieu au 102: un lieu associatif de cr\u00e9ation artistique. nous avons vu avec d&rsquo;autres classes un court m\u00e9trage, puis nous avons rencontr\u00e9 la ou le r\u00e9alisateur(rice). Le 102 est un espace autog\u00e9r\u00e9, fonctionnant sans subvention, occupant des locaux appartenant \u00e0 la Ville de Grenoble. Depuis 1983 des associations y organisent concerts, s\u00e9ances de cin\u00e9ma exp\u00e9rimental, expositions, th\u00e9\u00e2tre, danse, rencontres, d\u00e9bats\u2026 avec pour but de faire d\u00e9couvrir autre chose, autrement.<\/p>\n\n\n<div class=\"wp-block-image\">\n<figure class=\"aligncenter size-full\"><img decoding=\"async\" loading=\"lazy\" width=\"454\" height=\"657\" src=\"http:\/\/blogcinemacentansdejeunesse.org\/filmer-l-autre\/wp-content\/uploads\/sites\/13\/2024\/02\/Capture-decran-2024-02-05-a-07.29.42.png\" alt=\"\" class=\"wp-image-508\" srcset=\"http:\/\/blogcinemacentansdejeunesse.org\/filmer-l-autre\/wp-content\/uploads\/sites\/13\/2024\/02\/Capture-decran-2024-02-05-a-07.29.42.png 454w, http:\/\/blogcinemacentansdejeunesse.org\/filmer-l-autre\/wp-content\/uploads\/sites\/13\/2024\/02\/Capture-decran-2024-02-05-a-07.29.42-207x300.png 207w\" sizes=\"(max-width: 454px) 100vw, 454px\" \/><\/figure><\/div>\n\n\n<p>Voici la description que Lucie Demange en fait: \u00ab\u00a0C\u2019est les vacances chez ma m\u00e8re. L\u2019ambiance est tendue : d\u00e9j\u00e0 qu\u2019elle a du mal \u00e0 accepter que je ne sois pas la fille f\u00e9minine qu\u2019elle aurait r\u00eav\u00e9 d\u2019avoir, elle est en instance de s\u00e9paration avec mon beau-p\u00e8re. Le s\u00e9jour s\u2019annonce mouvement\u00e9.\u00a0\u00bb<br>(Lucie Demange) <\/p>\n\n\n\n<p>CINEX nous a permis d&rsquo;avoir un \u00e9change \u00e0 la suite de la projection avec Lucie Demange. <\/p>\n\n\n\n<figure class=\"wp-block-image size-full\"><img decoding=\"async\" loading=\"lazy\" width=\"454\" height=\"217\" src=\"http:\/\/blogcinemacentansdejeunesse.org\/filmer-l-autre\/wp-content\/uploads\/sites\/13\/2024\/02\/Capture-decran-2024-02-05-a-07.29.52.png\" alt=\"\" class=\"wp-image-509\" srcset=\"http:\/\/blogcinemacentansdejeunesse.org\/filmer-l-autre\/wp-content\/uploads\/sites\/13\/2024\/02\/Capture-decran-2024-02-05-a-07.29.52.png 454w, http:\/\/blogcinemacentansdejeunesse.org\/filmer-l-autre\/wp-content\/uploads\/sites\/13\/2024\/02\/Capture-decran-2024-02-05-a-07.29.52-300x143.png 300w\" sizes=\"(max-width: 454px) 100vw, 454px\" \/><\/figure>\n\n\n\n<figure class=\"wp-block-image size-full\"><img decoding=\"async\" loading=\"lazy\" width=\"454\" height=\"242\" src=\"http:\/\/blogcinemacentansdejeunesse.org\/filmer-l-autre\/wp-content\/uploads\/sites\/13\/2024\/02\/Capture-decran-2024-02-05-a-07.30.02.png\" alt=\"\" class=\"wp-image-510\" srcset=\"http:\/\/blogcinemacentansdejeunesse.org\/filmer-l-autre\/wp-content\/uploads\/sites\/13\/2024\/02\/Capture-decran-2024-02-05-a-07.30.02.png 454w, http:\/\/blogcinemacentansdejeunesse.org\/filmer-l-autre\/wp-content\/uploads\/sites\/13\/2024\/02\/Capture-decran-2024-02-05-a-07.30.02-300x160.png 300w\" sizes=\"(max-width: 454px) 100vw, 454px\" \/><\/figure>\n\n\n\n<p>Le film explore la question du genre et de la construction de l&rsquo;identit\u00e9 \u00e0 travers un genre autobiographique. <\/p>\n\n\n\n<figure class=\"wp-block-image size-full\"><img decoding=\"async\" loading=\"lazy\" width=\"756\" height=\"567\" src=\"http:\/\/blogcinemacentansdejeunesse.org\/filmer-l-autre\/wp-content\/uploads\/sites\/13\/2024\/04\/Chouchou-par-anais-1.jpg\" alt=\"\" class=\"wp-image-1432\" srcset=\"http:\/\/blogcinemacentansdejeunesse.org\/filmer-l-autre\/wp-content\/uploads\/sites\/13\/2024\/04\/Chouchou-par-anais-1.jpg 756w, http:\/\/blogcinemacentansdejeunesse.org\/filmer-l-autre\/wp-content\/uploads\/sites\/13\/2024\/04\/Chouchou-par-anais-1-300x225.jpg 300w\" sizes=\"(max-width: 756px) 100vw, 756px\" \/><\/figure>\n\n\n\n<figure class=\"wp-block-image size-full\"><img decoding=\"async\" loading=\"lazy\" width=\"567\" height=\"425\" src=\"http:\/\/blogcinemacentansdejeunesse.org\/filmer-l-autre\/wp-content\/uploads\/sites\/13\/2024\/04\/Chouchou.jpg\" alt=\"\" class=\"wp-image-1433\" srcset=\"http:\/\/blogcinemacentansdejeunesse.org\/filmer-l-autre\/wp-content\/uploads\/sites\/13\/2024\/04\/Chouchou.jpg 567w, http:\/\/blogcinemacentansdejeunesse.org\/filmer-l-autre\/wp-content\/uploads\/sites\/13\/2024\/04\/Chouchou-300x225.jpg 300w\" sizes=\"(max-width: 567px) 100vw, 567px\" \/><\/figure>\n\n\n\n<figure class=\"wp-block-image size-full\"><img decoding=\"async\" loading=\"lazy\" width=\"567\" height=\"756\" src=\"http:\/\/blogcinemacentansdejeunesse.org\/filmer-l-autre\/wp-content\/uploads\/sites\/13\/2024\/04\/Quitter-chouchou-avis.jpg\" alt=\"\" class=\"wp-image-1434\" srcset=\"http:\/\/blogcinemacentansdejeunesse.org\/filmer-l-autre\/wp-content\/uploads\/sites\/13\/2024\/04\/Quitter-chouchou-avis.jpg 567w, http:\/\/blogcinemacentansdejeunesse.org\/filmer-l-autre\/wp-content\/uploads\/sites\/13\/2024\/04\/Quitter-chouchou-avis-225x300.jpg 225w\" sizes=\"(max-width: 567px) 100vw, 567px\" \/><\/figure>\n\n\n\n<figure class=\"wp-block-image size-full\"><img decoding=\"async\" loading=\"lazy\" width=\"454\" height=\"345\" src=\"http:\/\/blogcinemacentansdejeunesse.org\/filmer-l-autre\/wp-content\/uploads\/sites\/13\/2024\/02\/Capture-decran-2024-02-05-a-07.27.16.png\" alt=\"\" class=\"wp-image-512\" srcset=\"http:\/\/blogcinemacentansdejeunesse.org\/filmer-l-autre\/wp-content\/uploads\/sites\/13\/2024\/02\/Capture-decran-2024-02-05-a-07.27.16.png 454w, http:\/\/blogcinemacentansdejeunesse.org\/filmer-l-autre\/wp-content\/uploads\/sites\/13\/2024\/02\/Capture-decran-2024-02-05-a-07.27.16-300x228.png 300w\" sizes=\"(max-width: 454px) 100vw, 454px\" \/><\/figure>\n\n\n\n<figure class=\"wp-block-image size-full\"><img decoding=\"async\" loading=\"lazy\" width=\"454\" height=\"350\" src=\"http:\/\/blogcinemacentansdejeunesse.org\/filmer-l-autre\/wp-content\/uploads\/sites\/13\/2024\/02\/Capture-decran-2024-02-05-a-07.26.46.png\" alt=\"\" class=\"wp-image-513\" srcset=\"http:\/\/blogcinemacentansdejeunesse.org\/filmer-l-autre\/wp-content\/uploads\/sites\/13\/2024\/02\/Capture-decran-2024-02-05-a-07.26.46.png 454w, http:\/\/blogcinemacentansdejeunesse.org\/filmer-l-autre\/wp-content\/uploads\/sites\/13\/2024\/02\/Capture-decran-2024-02-05-a-07.26.46-300x231.png 300w\" sizes=\"(max-width: 454px) 100vw, 454px\" \/><\/figure>\n","protected":false},"excerpt":{"rendered":"<p>La projection a eu lieu au 102: un lieu associatif de cr\u00e9ation artistique. nous avons vu avec d&rsquo;autres classes un court m\u00e9trage, puis nous avons rencontr\u00e9 la ou le r\u00e9alisateur(rice). Le 102 est un espace autog\u00e9r\u00e9, fonctionnant sans subvention, occupant &hellip; <a href=\"http:\/\/blogcinemacentansdejeunesse.org\/filmer-l-autre\/2024\/02\/07\/rencontre-avec-le-realisateur-dun-court-metrage-documentaire-quitter-chouchou\/\">Continuer la lecture <span class=\"meta-nav\">&rarr;<\/span><\/a><\/p>\n","protected":false},"author":60,"featured_media":0,"comment_status":"open","ping_status":"open","sticky":false,"template":"","format":"standard","meta":{"_coblocks_attr":"","_coblocks_dimensions":"","_coblocks_responsive_height":"","_coblocks_accordion_ie_support":""},"categories":[1],"tags":[],"_links":{"self":[{"href":"http:\/\/blogcinemacentansdejeunesse.org\/filmer-l-autre\/wp-json\/wp\/v2\/posts\/507"}],"collection":[{"href":"http:\/\/blogcinemacentansdejeunesse.org\/filmer-l-autre\/wp-json\/wp\/v2\/posts"}],"about":[{"href":"http:\/\/blogcinemacentansdejeunesse.org\/filmer-l-autre\/wp-json\/wp\/v2\/types\/post"}],"author":[{"embeddable":true,"href":"http:\/\/blogcinemacentansdejeunesse.org\/filmer-l-autre\/wp-json\/wp\/v2\/users\/60"}],"replies":[{"embeddable":true,"href":"http:\/\/blogcinemacentansdejeunesse.org\/filmer-l-autre\/wp-json\/wp\/v2\/comments?post=507"}],"version-history":[{"count":2,"href":"http:\/\/blogcinemacentansdejeunesse.org\/filmer-l-autre\/wp-json\/wp\/v2\/posts\/507\/revisions"}],"predecessor-version":[{"id":1435,"href":"http:\/\/blogcinemacentansdejeunesse.org\/filmer-l-autre\/wp-json\/wp\/v2\/posts\/507\/revisions\/1435"}],"wp:attachment":[{"href":"http:\/\/blogcinemacentansdejeunesse.org\/filmer-l-autre\/wp-json\/wp\/v2\/media?parent=507"}],"wp:term":[{"taxonomy":"category","embeddable":true,"href":"http:\/\/blogcinemacentansdejeunesse.org\/filmer-l-autre\/wp-json\/wp\/v2\/categories?post=507"},{"taxonomy":"post_tag","embeddable":true,"href":"http:\/\/blogcinemacentansdejeunesse.org\/filmer-l-autre\/wp-json\/wp\/v2\/tags?post=507"}],"curies":[{"name":"wp","href":"https:\/\/api.w.org\/{rel}","templated":true}]}}