{"id":422,"date":"2024-02-07T21:18:14","date_gmt":"2024-02-07T20:18:14","guid":{"rendered":"http:\/\/blogcinemacentansdejeunesse.org\/filmer-l-autre\/?p=422"},"modified":"2024-02-07T21:18:14","modified_gmt":"2024-02-07T20:18:14","slug":"projection-du-film-adolescentes","status":"publish","type":"post","link":"http:\/\/blogcinemacentansdejeunesse.org\/filmer-l-autre\/2024\/02\/07\/projection-du-film-adolescentes\/","title":{"rendered":"Projection du film ADOLESCENTES"},"content":{"rendered":"<div class=\"wp-block-image\">\n<figure class=\"aligncenter size-full\"><img decoding=\"async\" loading=\"lazy\" width=\"397\" height=\"543\" src=\"http:\/\/blogcinemacentansdejeunesse.org\/filmer-l-autre\/wp-content\/uploads\/sites\/13\/2024\/02\/Capture-decran-2024-02-04-a-19.14.22.png\" alt=\"\" class=\"wp-image-423\" srcset=\"http:\/\/blogcinemacentansdejeunesse.org\/filmer-l-autre\/wp-content\/uploads\/sites\/13\/2024\/02\/Capture-decran-2024-02-04-a-19.14.22.png 397w, http:\/\/blogcinemacentansdejeunesse.org\/filmer-l-autre\/wp-content\/uploads\/sites\/13\/2024\/02\/Capture-decran-2024-02-04-a-19.14.22-219x300.png 219w\" sizes=\"(max-width: 397px) 100vw, 397px\" \/><\/figure><\/div>\n\n\n<p><strong>Extrait 1 revu en classe<\/strong><\/p>\n\n\n\n<p><a href=\"https:\/\/tube-arts-lettres-sciences-humaines.apps.education.fr\/w\/dQeWHuxGH83mjybL2iCHwq\">https:\/\/tube-arts-lettres-sciences-humaines.apps.education.fr\/w\/dQeWHuxGH83mjybL2iCHwq<\/a><\/p>\n\n\n\n<p><strong>Extrait 2 revu en classe<\/strong><\/p>\n\n\n\n<p><a href=\"https:\/\/tube-arts-lettres-sciences-humaines.apps.education.fr\/w\/6DFaT1hdv579sXNbZFVLha\">https:\/\/tube-arts-lettres-sciences-humaines.apps.education.fr\/w\/6DFaT1hdv579sXNbZFVLha<\/a><\/p>\n\n\n\n<p class=\"has-text-align-center\"><strong>Impressions post-projection sur le premier film documentaire vu dans l&rsquo;ann\u00e9e<\/strong><\/p>\n\n\n\n<p class=\"has-light-gray-background-color has-background\"><em>C&rsquo;est la premi\u00e8re fois que je vois un film comme \u00e7a. Je pense qu&rsquo;Adolescentes est un tr\u00e8s bon film qui a un concept long et original. La fa\u00e7on de filmer est nouvelle pour moi. cette fa\u00e7on de filmer nous rapproche des personnages avec plus d&rsquo;\u00e9motions. <\/em><\/p>\n\n\n\n<p class=\"has-light-gray-background-color has-background\"><em>Au d\u00e9but, j&rsquo;appr\u00e9hendais \u00e9norm\u00e9ment le documentaire, mais finalement, j&rsquo;ai aim\u00e9. Je porte \u00e9norm\u00e9ment d&rsquo;attention sur ce genre de film qui centre son attention sur deux personnages qui \u00e9voluent mentalement et physiquement. Le film peut avoir un impact sur nous car m\u00eame si elles sont jeunes, elles nous font r\u00e9aliser qu&rsquo;il ne faut rien l\u00e2cher. J&rsquo;en ai pris conscience gr\u00e2ce \u00e0 ce film. Je recommande fortement. J&rsquo;esp\u00e8re que les prochains sont exactement comme \u00e7a. <\/em><\/p>\n\n\n\n<p class=\"has-light-gray-background-color has-background\"><em>L&rsquo;ambition de ce documentaire est belle en prenant de filmer sur cinq ans le quotidien de deux adolescentes ( Emma et Ana\u00efs). Le r\u00e9alisateur avait de quoi proposer un documentaire touchant et immersif. Cependant, la banalit\u00e9 de leur quotidien ne m&rsquo;a pas captiv\u00e9e. lorsque les images violentes de 2015 apparaissent \u00e0 l&rsquo;\u00e9cran, je ne vois pas le lien par rapport au regard des protagonistes. les images de leurs r\u00e9actions \u00e0 la suite des \u00e9v\u00e8nements auraient suffi. Enfin, les deux jeunes filles prennent des chemins diff\u00e9rents, et on a l&rsquo;impression que leurs retrouvailles sont mises en sc\u00e8ne, ce qui enl\u00e8ve le c\u00f4t\u00e9 authentique. <\/em><\/p>\n\n\n\n<p class=\"has-light-gray-background-color has-background\"><em>Les s\u00e9quences qui m&rsquo;ont le plus marqu\u00e9es sont celles o\u00f9 elles se disputent avec leurs parents, car on se met \u00e0 leur place. <\/em><\/p>\n\n\n\n<p class=\"has-light-gray-background-color has-background\"><em>Ce film refl\u00e8te bien la r\u00e9alit\u00e9 adolescente et il est facile de s&rsquo;identifier aux personnages. Cependant, je l&rsquo;ai trouv\u00e9 un peu long. <\/em><\/p>\n\n\n\n<p class=\"has-light-gray-background-color has-background\"><em>Le sujet de ce film peut toucher tout le monde. M\u00eame si le film \u00e9tait long, il m&rsquo;a beaucoup plu. Il aborde des th\u00e9matiques connues de tous: les disputes avec les parents, de l&rsquo;adolescence vers l&rsquo;\u00e2ge adulte, l\u2019orientation scolaire. <\/em><\/p>\n\n\n\n<p class=\"has-light-gray-background-color has-background\"><em>Ce film ne m&rsquo;a pas d\u00e9plu. L&rsquo;id\u00e9e de le faire en documentaire est vraiment super. Certains passages m&rsquo;ont marqu\u00e9 car il m&rsquo;est arriv\u00e9 de me reconna\u00eetre en tant qu&rsquo;adolescent. J&rsquo;ai beaucoup aim\u00e9 aussi l&rsquo;id\u00e9e de faire durer le tournage jusqu&rsquo;\u00e0 leur 18 ans o\u00f9 leur vie d&rsquo;enfant est laiss\u00e9e pour leur vie d&rsquo;adulte. <\/em><\/p>\n\n\n\n<p class=\"has-light-gray-background-color has-background\"><em>J&rsquo;ai trouv\u00e9 le film intrigant et int\u00e9ressant car il relate une p\u00e9riode que tout le monde traverse plus ou moins difficilement. <\/em><\/p>\n\n\n\n<p class=\"has-light-gray-background-color has-background\"><em>La particularit\u00e9 de ce film est qu&rsquo;il ne s&rsquo;agit pas d&rsquo;une fiction sc\u00e9naris\u00e9e mais plut\u00f4t d&rsquo;une chronique de la r\u00e9alit\u00e9, m\u00eame si le format choisi est un format cin\u00e9ma. <\/em><\/p>\n","protected":false},"excerpt":{"rendered":"<p>Extrait 1 revu en classe https:\/\/tube-arts-lettres-sciences-humaines.apps.education.fr\/w\/dQeWHuxGH83mjybL2iCHwq Extrait 2 revu en classe https:\/\/tube-arts-lettres-sciences-humaines.apps.education.fr\/w\/6DFaT1hdv579sXNbZFVLha Impressions post-projection sur le premier film documentaire vu dans l&rsquo;ann\u00e9e C&rsquo;est la premi\u00e8re fois que je vois un film comme \u00e7a. Je pense qu&rsquo;Adolescentes est un tr\u00e8s bon &hellip; <a href=\"http:\/\/blogcinemacentansdejeunesse.org\/filmer-l-autre\/2024\/02\/07\/projection-du-film-adolescentes\/\">Continuer la lecture <span class=\"meta-nav\">&rarr;<\/span><\/a><\/p>\n","protected":false},"author":60,"featured_media":0,"comment_status":"open","ping_status":"open","sticky":false,"template":"","format":"standard","meta":{"_coblocks_attr":"","_coblocks_dimensions":"","_coblocks_responsive_height":"","_coblocks_accordion_ie_support":""},"categories":[1],"tags":[],"_links":{"self":[{"href":"http:\/\/blogcinemacentansdejeunesse.org\/filmer-l-autre\/wp-json\/wp\/v2\/posts\/422"}],"collection":[{"href":"http:\/\/blogcinemacentansdejeunesse.org\/filmer-l-autre\/wp-json\/wp\/v2\/posts"}],"about":[{"href":"http:\/\/blogcinemacentansdejeunesse.org\/filmer-l-autre\/wp-json\/wp\/v2\/types\/post"}],"author":[{"embeddable":true,"href":"http:\/\/blogcinemacentansdejeunesse.org\/filmer-l-autre\/wp-json\/wp\/v2\/users\/60"}],"replies":[{"embeddable":true,"href":"http:\/\/blogcinemacentansdejeunesse.org\/filmer-l-autre\/wp-json\/wp\/v2\/comments?post=422"}],"version-history":[{"count":3,"href":"http:\/\/blogcinemacentansdejeunesse.org\/filmer-l-autre\/wp-json\/wp\/v2\/posts\/422\/revisions"}],"predecessor-version":[{"id":427,"href":"http:\/\/blogcinemacentansdejeunesse.org\/filmer-l-autre\/wp-json\/wp\/v2\/posts\/422\/revisions\/427"}],"wp:attachment":[{"href":"http:\/\/blogcinemacentansdejeunesse.org\/filmer-l-autre\/wp-json\/wp\/v2\/media?parent=422"}],"wp:term":[{"taxonomy":"category","embeddable":true,"href":"http:\/\/blogcinemacentansdejeunesse.org\/filmer-l-autre\/wp-json\/wp\/v2\/categories?post=422"},{"taxonomy":"post_tag","embeddable":true,"href":"http:\/\/blogcinemacentansdejeunesse.org\/filmer-l-autre\/wp-json\/wp\/v2\/tags?post=422"}],"curies":[{"name":"wp","href":"https:\/\/api.w.org\/{rel}","templated":true}]}}