{"id":268,"date":"2024-01-31T17:30:03","date_gmt":"2024-01-31T16:30:03","guid":{"rendered":"http:\/\/blogcinemacentansdejeunesse.org\/filmer-l-autre\/?p=268"},"modified":"2024-02-22T16:00:06","modified_gmt":"2024-02-22T15:00:06","slug":"presentation-les-4ed-du-college-paul-eluard-de-montreuil","status":"publish","type":"post","link":"http:\/\/blogcinemacentansdejeunesse.org\/filmer-l-autre\/2024\/01\/31\/presentation-les-4ed-du-college-paul-eluard-de-montreuil\/","title":{"rendered":"Pr\u00e9sentation &#8211; Les 4eD du coll\u00e8ge Paul \u00c9luard de Montreuil"},"content":{"rendered":"\n<p>Bonjour&nbsp;!<\/p>\n\n\n\n<p>Nous sommes des \u00e9l\u00e8ves de 4<sup>e<\/sup> du coll\u00e8ge Paul \u00c9luard de Montreuil. Il y a 20 \u00e9l\u00e8ves dans notre classe, 10 gar\u00e7ons et 10 filles.<\/p>\n\n\n\n<p>Montreuil est une ville de plus de 100 000 habitants situ\u00e9e \u00e0 c\u00f4t\u00e9 de Paris. C\u2019est aussi la ville o\u00f9 sont n\u00e9s les premiers studios de cin\u00e9ma fran\u00e7ais dont ceux de Georges M\u00e9li\u00e8s et des fr\u00e8res Path\u00e9&nbsp;!<\/p>\n\n\n\n<p>Nous sommes heureux de participer au projet \u00ab&nbsp;Le cin\u00e9ma, cent ans de jeunesse&nbsp;\u00bb qui nous a pouss\u00e9s \u00e0 aller \u00e0 la rencontre des habitants de notre quartier.<\/p>\n\n\n\n<p>Nous avons h\u00e2te de rencontrer les \u00e9l\u00e8ves des autres ateliers lors de la projection \u00e0 Lisbonne&nbsp;!<\/p>\n\n\n\n<p><em>Hello !<\/em><\/p>\n\n\n\n<p><em>We are students from Paul \u00c9luard middle school in Montreuil (year 9). There are 20 students in our class, 10 boys and 10 girls.<\/em><\/p>\n\n\n\n<p><em>Montreuil is a city of more than 100,000 inhabitants located near Paris. It is also the city where the first French film studios were born, including those of Georges M\u00e9li\u00e8s and the Path\u00e9 brothers !<\/em><\/p>\n\n\n\n<p><em>We are happy to participate in the CCAJ project which encouraged us to meet the inhabitants of our neighborhood.<\/em><\/p>\n\n\n\n<p><em>We look forward to meeting the students from the other workshops at the screening in Lisbon !<\/em><\/p>\n\n\n\n<figure class=\"wp-block-image size-large\"><img decoding=\"async\" loading=\"lazy\" width=\"1024\" height=\"470\" src=\"http:\/\/blogcinemacentansdejeunesse.org\/filmer-l-autre\/wp-content\/uploads\/sites\/13\/2024\/01\/Photo-CCAJ5-1024x470.jpg\" alt=\"\" class=\"wp-image-281\" srcset=\"http:\/\/blogcinemacentansdejeunesse.org\/filmer-l-autre\/wp-content\/uploads\/sites\/13\/2024\/01\/Photo-CCAJ5-1024x470.jpg 1024w, http:\/\/blogcinemacentansdejeunesse.org\/filmer-l-autre\/wp-content\/uploads\/sites\/13\/2024\/01\/Photo-CCAJ5-300x138.jpg 300w, http:\/\/blogcinemacentansdejeunesse.org\/filmer-l-autre\/wp-content\/uploads\/sites\/13\/2024\/01\/Photo-CCAJ5-768x353.jpg 768w\" sizes=\"(max-width: 1024px) 100vw, 1024px\" \/><\/figure>\n\n\n\n<p>Vous pouvez voir ci-dessous des photos de notre coll\u00e8ge et de notre ville&nbsp;:<\/p>\n\n\n\n<p><em>You can see photos of our college and city below :<\/em><\/p>\n\n\n<div class=\"wp-block-image\">\n<figure class=\"aligncenter size-large is-resized\"><img decoding=\"async\" loading=\"lazy\" src=\"http:\/\/blogcinemacentansdejeunesse.org\/filmer-l-autre\/wp-content\/uploads\/sites\/13\/2024\/01\/college2-1024x580.jpg\" alt=\"\" class=\"wp-image-279\" width=\"525\" height=\"297\" srcset=\"http:\/\/blogcinemacentansdejeunesse.org\/filmer-l-autre\/wp-content\/uploads\/sites\/13\/2024\/01\/college2-1024x580.jpg 1024w, http:\/\/blogcinemacentansdejeunesse.org\/filmer-l-autre\/wp-content\/uploads\/sites\/13\/2024\/01\/college2-300x170.jpg 300w, http:\/\/blogcinemacentansdejeunesse.org\/filmer-l-autre\/wp-content\/uploads\/sites\/13\/2024\/01\/college2-768x435.jpg 768w, http:\/\/blogcinemacentansdejeunesse.org\/filmer-l-autre\/wp-content\/uploads\/sites\/13\/2024\/01\/college2.jpg 1200w\" sizes=\"(max-width: 525px) 100vw, 525px\" \/><figcaption class=\"wp-element-caption\">La fa\u00e7ade du coll\u00e8ge \/ <em>The facade of the college<\/em><\/figcaption><\/figure><\/div>\n\n<div class=\"wp-block-image\">\n<figure class=\"aligncenter size-large is-resized\"><img decoding=\"async\" loading=\"lazy\" src=\"http:\/\/blogcinemacentansdejeunesse.org\/filmer-l-autre\/wp-content\/uploads\/sites\/13\/2024\/01\/IMG_2650-1024x576.jpeg\" alt=\"\" class=\"wp-image-276\" width=\"524\" height=\"294\" srcset=\"http:\/\/blogcinemacentansdejeunesse.org\/filmer-l-autre\/wp-content\/uploads\/sites\/13\/2024\/01\/IMG_2650-1024x576.jpeg 1024w, http:\/\/blogcinemacentansdejeunesse.org\/filmer-l-autre\/wp-content\/uploads\/sites\/13\/2024\/01\/IMG_2650-300x169.jpeg 300w, http:\/\/blogcinemacentansdejeunesse.org\/filmer-l-autre\/wp-content\/uploads\/sites\/13\/2024\/01\/IMG_2650-768x432.jpeg 768w, http:\/\/blogcinemacentansdejeunesse.org\/filmer-l-autre\/wp-content\/uploads\/sites\/13\/2024\/01\/IMG_2650-rotated.jpeg 1335w\" sizes=\"(max-width: 524px) 100vw, 524px\" \/><figcaption class=\"wp-element-caption\">Le hall \/ <em>The hall<\/em><\/figcaption><\/figure><\/div>\n\n<div class=\"wp-block-image\">\n<figure class=\"aligncenter size-large is-resized\"><img decoding=\"async\" loading=\"lazy\" src=\"http:\/\/blogcinemacentansdejeunesse.org\/filmer-l-autre\/wp-content\/uploads\/sites\/13\/2024\/01\/IMG_2648-2-1024x576.jpeg\" alt=\"\" class=\"wp-image-275\" width=\"524\" height=\"294\" srcset=\"http:\/\/blogcinemacentansdejeunesse.org\/filmer-l-autre\/wp-content\/uploads\/sites\/13\/2024\/01\/IMG_2648-2-1024x576.jpeg 1024w, http:\/\/blogcinemacentansdejeunesse.org\/filmer-l-autre\/wp-content\/uploads\/sites\/13\/2024\/01\/IMG_2648-2-300x169.jpeg 300w, http:\/\/blogcinemacentansdejeunesse.org\/filmer-l-autre\/wp-content\/uploads\/sites\/13\/2024\/01\/IMG_2648-2-768x432.jpeg 768w, http:\/\/blogcinemacentansdejeunesse.org\/filmer-l-autre\/wp-content\/uploads\/sites\/13\/2024\/01\/IMG_2648-2-rotated.jpeg 1335w\" sizes=\"(max-width: 524px) 100vw, 524px\" \/><figcaption class=\"wp-element-caption\">La cour \/ <em>The courtyard<\/em><\/figcaption><\/figure><\/div>\n\n<div class=\"wp-block-image\">\n<figure class=\"aligncenter size-large is-resized\"><img decoding=\"async\" loading=\"lazy\" src=\"http:\/\/blogcinemacentansdejeunesse.org\/filmer-l-autre\/wp-content\/uploads\/sites\/13\/2024\/01\/mairie-montreuil-1440x946-1-1024x673.jpg\" alt=\"\" class=\"wp-image-283\" width=\"522\" height=\"343\" srcset=\"http:\/\/blogcinemacentansdejeunesse.org\/filmer-l-autre\/wp-content\/uploads\/sites\/13\/2024\/01\/mairie-montreuil-1440x946-1-1024x673.jpg 1024w, http:\/\/blogcinemacentansdejeunesse.org\/filmer-l-autre\/wp-content\/uploads\/sites\/13\/2024\/01\/mairie-montreuil-1440x946-1-300x197.jpg 300w, http:\/\/blogcinemacentansdejeunesse.org\/filmer-l-autre\/wp-content\/uploads\/sites\/13\/2024\/01\/mairie-montreuil-1440x946-1-768x505.jpg 768w, http:\/\/blogcinemacentansdejeunesse.org\/filmer-l-autre\/wp-content\/uploads\/sites\/13\/2024\/01\/mairie-montreuil-1440x946-1.jpg 1440w\" sizes=\"(max-width: 522px) 100vw, 522px\" \/><figcaption class=\"wp-element-caption\">La mairie de Montreuil \/ <em>The town hall<\/em><\/figcaption><\/figure><\/div>\n\n<div class=\"wp-block-image\">\n<figure class=\"aligncenter size-large is-resized\"><img decoding=\"async\" loading=\"lazy\" src=\"http:\/\/blogcinemacentansdejeunesse.org\/filmer-l-autre\/wp-content\/uploads\/sites\/13\/2024\/01\/1-Cinema-Melies-Montreuil-1024x768.jpg\" alt=\"\" class=\"wp-image-280\" width=\"533\" height=\"399\" srcset=\"http:\/\/blogcinemacentansdejeunesse.org\/filmer-l-autre\/wp-content\/uploads\/sites\/13\/2024\/01\/1-Cinema-Melies-Montreuil-1024x768.jpg 1024w, http:\/\/blogcinemacentansdejeunesse.org\/filmer-l-autre\/wp-content\/uploads\/sites\/13\/2024\/01\/1-Cinema-Melies-Montreuil-300x225.jpg 300w, http:\/\/blogcinemacentansdejeunesse.org\/filmer-l-autre\/wp-content\/uploads\/sites\/13\/2024\/01\/1-Cinema-Melies-Montreuil-768x576.jpg 768w, http:\/\/blogcinemacentansdejeunesse.org\/filmer-l-autre\/wp-content\/uploads\/sites\/13\/2024\/01\/1-Cinema-Melies-Montreuil-1536x1152.jpg 1536w, http:\/\/blogcinemacentansdejeunesse.org\/filmer-l-autre\/wp-content\/uploads\/sites\/13\/2024\/01\/1-Cinema-Melies-Montreuil-2048x1536.jpg 2048w\" sizes=\"(max-width: 533px) 100vw, 533px\" \/><figcaption class=\"wp-element-caption\">Le cin\u00e9ma de Montreuil \/ <em>The cinema of Montreuil<\/em><\/figcaption><\/figure><\/div>","protected":false},"excerpt":{"rendered":"<p>Bonjour&nbsp;! Nous sommes des \u00e9l\u00e8ves de 4e du coll\u00e8ge Paul \u00c9luard de Montreuil. Il y a 20 \u00e9l\u00e8ves dans notre classe, 10 gar\u00e7ons et 10 filles. Montreuil est une ville de plus de 100 000 habitants situ\u00e9e \u00e0 c\u00f4t\u00e9 de &hellip; <a href=\"http:\/\/blogcinemacentansdejeunesse.org\/filmer-l-autre\/2024\/01\/31\/presentation-les-4ed-du-college-paul-eluard-de-montreuil\/\">Continuer la lecture <span class=\"meta-nav\">&rarr;<\/span><\/a><\/p>\n","protected":false},"author":92,"featured_media":0,"comment_status":"open","ping_status":"open","sticky":false,"template":"","format":"standard","meta":{"_coblocks_attr":"","_coblocks_dimensions":"","_coblocks_responsive_height":"","_coblocks_accordion_ie_support":""},"categories":[1,13],"tags":[],"_links":{"self":[{"href":"http:\/\/blogcinemacentansdejeunesse.org\/filmer-l-autre\/wp-json\/wp\/v2\/posts\/268"}],"collection":[{"href":"http:\/\/blogcinemacentansdejeunesse.org\/filmer-l-autre\/wp-json\/wp\/v2\/posts"}],"about":[{"href":"http:\/\/blogcinemacentansdejeunesse.org\/filmer-l-autre\/wp-json\/wp\/v2\/types\/post"}],"author":[{"embeddable":true,"href":"http:\/\/blogcinemacentansdejeunesse.org\/filmer-l-autre\/wp-json\/wp\/v2\/users\/92"}],"replies":[{"embeddable":true,"href":"http:\/\/blogcinemacentansdejeunesse.org\/filmer-l-autre\/wp-json\/wp\/v2\/comments?post=268"}],"version-history":[{"count":9,"href":"http:\/\/blogcinemacentansdejeunesse.org\/filmer-l-autre\/wp-json\/wp\/v2\/posts\/268\/revisions"}],"predecessor-version":[{"id":1066,"href":"http:\/\/blogcinemacentansdejeunesse.org\/filmer-l-autre\/wp-json\/wp\/v2\/posts\/268\/revisions\/1066"}],"wp:attachment":[{"href":"http:\/\/blogcinemacentansdejeunesse.org\/filmer-l-autre\/wp-json\/wp\/v2\/media?parent=268"}],"wp:term":[{"taxonomy":"category","embeddable":true,"href":"http:\/\/blogcinemacentansdejeunesse.org\/filmer-l-autre\/wp-json\/wp\/v2\/categories?post=268"},{"taxonomy":"post_tag","embeddable":true,"href":"http:\/\/blogcinemacentansdejeunesse.org\/filmer-l-autre\/wp-json\/wp\/v2\/tags?post=268"}],"curies":[{"name":"wp","href":"https:\/\/api.w.org\/{rel}","templated":true}]}}