{"id":206,"date":"2024-01-26T11:23:39","date_gmt":"2024-01-26T10:23:39","guid":{"rendered":"http:\/\/blogcinemacentansdejeunesse.org\/filmer-l-autre\/?p=206"},"modified":"2024-02-22T16:00:55","modified_gmt":"2024-02-22T15:00:55","slug":"presentation","status":"publish","type":"post","link":"http:\/\/blogcinemacentansdejeunesse.org\/filmer-l-autre\/2024\/01\/26\/presentation\/","title":{"rendered":"Pr\u00e9sentation"},"content":{"rendered":"\n<p>Bonjour !<\/p>\n\n\n\n<p>Nous sommes la classe de l\u2019\u00e9cole Saint-Exup\u00e9ry \u00e0 Pantin, juste \u00e0 cinq minutes de Paris.<\/p>\n\n\n\n<p>Nous sommes une classe de CM1\/CM2B de vingt-deux \u00e9l\u00e8ves avec douze filles et dix gar\u00e7ons, onze CM1 et onze CM2.<\/p>\n\n\n\n<p>Les \u00e9l\u00e8ves de CM2 ont d\u00e9j\u00e0 particip\u00e9 au projet Cin\u00e9ma, cent ans de jeunesse, l\u2019ann\u00e9e derni\u00e8re.<\/p>\n\n\n\n<p>Nos pr\u00e9noms sont :&nbsp;<\/p>\n\n\n\n<p>Abdullah, Adam, Alix, Ambrine, Dylan, Ellyn, \u00c9lo\u00efse, Emy, Gwen, Hadja, Joue, Lehyan, Ma\u00eblane, Mansurya, Mariam, Marcello, Meriem, Na\u00ebl, Nour, Praveen, Rayan et Samuel.<\/p>\n\n\n\n<p>Dans notre classe, nous parlons Fran\u00e7ais, Arabe, Cr\u00e9ole, Espagnol, Kabyle, Tamoul, Wolof, Anglais, Tagalog (Philippines), Turc et Allemand.<\/p>\n\n\n\n<p>Nos parents sont originaires de Tunisie, Mali, Alg\u00e9rie, Philippines, \u00c9gypte, Colombie, Sri Lanka, Cambodge, Maroc, Hollande, Belgique, Bretagne, Arabie saoudite, Turquie, Chili, Espagne, Guin\u00e9e Bissao, Martinique, Italie et France.<\/p>\n\n\n\n<p>Notre professeur est Matthieu Bri\u00e8re, il nous emm\u00e8ne en classe de neige pour deux semaines \u00e0 partir de lundi 29 janvier !<\/p>\n\n\n\n<p>Nous avons commenc\u00e9 \u00e0 filmer pour notre projet cin\u00e9ma, dans le quartier de l\u2019\u00e9cole et les rues enneig\u00e9es de Pantin, dans l\u2019id\u00e9e de faire passer les saisons pour notre film essai, peut-\u00eatre.<\/p>\n\n\n\n<p>Notre intervenante est Laurence Garret.<\/p>\n\n\n\n<p>Nous avons regard\u00e9 ensemble des extraits de films comme :<\/p>\n\n\n\n<p><em>\u00catre et avoir<\/em> et <em>N\u00e9nette<\/em> de Nicolas Philibert<\/p>\n\n\n\n<p><em>Beepie<\/em> de Johan Van Der Keuken<\/p>\n\n\n\n<p><em>R\u00e9cr\u00e9ations<\/em> de Claire Simon<\/p>\n\n\n\n<p><em>Bovines<\/em> d\u2019Emmanuel Gras<\/p>\n\n\n\n<p><em>Chronique d\u2019un \u00e9t\u00e9<\/em> de Jean Rouch<\/p>\n\n\n\n<p>Etc\u2026<\/p>\n\n\n\n<p>\u00c0 bient\u00f4t pour un nouvel article !!!!<\/p>\n\n\n<div class=\"wp-block-image\">\n<figure class=\"aligncenter size-large is-resized\"><img decoding=\"async\" loading=\"lazy\" src=\"http:\/\/blogcinemacentansdejeunesse.org\/filmer-l-autre\/wp-content\/uploads\/sites\/13\/2024\/01\/PHOTO-2024-01-25-16-26-25-1024x768.jpg\" alt=\"\" class=\"wp-image-207\" width=\"523\" height=\"392\" srcset=\"http:\/\/blogcinemacentansdejeunesse.org\/filmer-l-autre\/wp-content\/uploads\/sites\/13\/2024\/01\/PHOTO-2024-01-25-16-26-25-1024x768.jpg 1024w, http:\/\/blogcinemacentansdejeunesse.org\/filmer-l-autre\/wp-content\/uploads\/sites\/13\/2024\/01\/PHOTO-2024-01-25-16-26-25-300x225.jpg 300w, http:\/\/blogcinemacentansdejeunesse.org\/filmer-l-autre\/wp-content\/uploads\/sites\/13\/2024\/01\/PHOTO-2024-01-25-16-26-25-768x576.jpg 768w, http:\/\/blogcinemacentansdejeunesse.org\/filmer-l-autre\/wp-content\/uploads\/sites\/13\/2024\/01\/PHOTO-2024-01-25-16-26-25-1536x1152.jpg 1536w, http:\/\/blogcinemacentansdejeunesse.org\/filmer-l-autre\/wp-content\/uploads\/sites\/13\/2024\/01\/PHOTO-2024-01-25-16-26-25.jpg 1600w\" sizes=\"(max-width: 523px) 100vw, 523px\" \/><figcaption class=\"wp-element-caption\">C&rsquo;est nous !!!<\/figcaption><\/figure><\/div>\n\n<div class=\"wp-block-image\">\n<figure class=\"aligncenter size-large is-resized\"><img decoding=\"async\" loading=\"lazy\" src=\"http:\/\/blogcinemacentansdejeunesse.org\/filmer-l-autre\/wp-content\/uploads\/sites\/13\/2024\/01\/PHOTO-2024-01-25-16-29-16-768x1024.jpg\" alt=\"\" class=\"wp-image-208\" width=\"523\" height=\"697\" srcset=\"http:\/\/blogcinemacentansdejeunesse.org\/filmer-l-autre\/wp-content\/uploads\/sites\/13\/2024\/01\/PHOTO-2024-01-25-16-29-16-768x1024.jpg 768w, http:\/\/blogcinemacentansdejeunesse.org\/filmer-l-autre\/wp-content\/uploads\/sites\/13\/2024\/01\/PHOTO-2024-01-25-16-29-16-225x300.jpg 225w, http:\/\/blogcinemacentansdejeunesse.org\/filmer-l-autre\/wp-content\/uploads\/sites\/13\/2024\/01\/PHOTO-2024-01-25-16-29-16-1152x1536.jpg 1152w, http:\/\/blogcinemacentansdejeunesse.org\/filmer-l-autre\/wp-content\/uploads\/sites\/13\/2024\/01\/PHOTO-2024-01-25-16-29-16.jpg 1200w\" sizes=\"(max-width: 523px) 100vw, 523px\" \/><figcaption class=\"wp-element-caption\">Rayan filme Na\u00ebl, Emy et Joud qui interrogent des passantes<\/figcaption><\/figure><\/div>\n\n<div class=\"wp-block-image\">\n<figure class=\"aligncenter size-large is-resized\"><img decoding=\"async\" loading=\"lazy\" src=\"http:\/\/blogcinemacentansdejeunesse.org\/filmer-l-autre\/wp-content\/uploads\/sites\/13\/2024\/01\/PHOTO-2024-01-25-16-29-38-1024x740.jpg\" alt=\"\" class=\"wp-image-209\" width=\"527\" height=\"381\" srcset=\"http:\/\/blogcinemacentansdejeunesse.org\/filmer-l-autre\/wp-content\/uploads\/sites\/13\/2024\/01\/PHOTO-2024-01-25-16-29-38-1024x740.jpg 1024w, http:\/\/blogcinemacentansdejeunesse.org\/filmer-l-autre\/wp-content\/uploads\/sites\/13\/2024\/01\/PHOTO-2024-01-25-16-29-38-300x217.jpg 300w, http:\/\/blogcinemacentansdejeunesse.org\/filmer-l-autre\/wp-content\/uploads\/sites\/13\/2024\/01\/PHOTO-2024-01-25-16-29-38-768x555.jpg 768w, http:\/\/blogcinemacentansdejeunesse.org\/filmer-l-autre\/wp-content\/uploads\/sites\/13\/2024\/01\/PHOTO-2024-01-25-16-29-38-1536x1111.jpg 1536w, http:\/\/blogcinemacentansdejeunesse.org\/filmer-l-autre\/wp-content\/uploads\/sites\/13\/2024\/01\/PHOTO-2024-01-25-16-29-38.jpg 1600w\" sizes=\"(max-width: 527px) 100vw, 527px\" \/><figcaption class=\"wp-element-caption\">Idem&#8230;avec un passant !<\/figcaption><\/figure><\/div>","protected":false},"excerpt":{"rendered":"<p>Bonjour ! Nous sommes la classe de l\u2019\u00e9cole Saint-Exup\u00e9ry \u00e0 Pantin, juste \u00e0 cinq minutes de Paris. Nous sommes une classe de CM1\/CM2B de vingt-deux \u00e9l\u00e8ves avec douze filles et dix gar\u00e7ons, onze CM1 et onze CM2. Les \u00e9l\u00e8ves de &hellip; <a href=\"http:\/\/blogcinemacentansdejeunesse.org\/filmer-l-autre\/2024\/01\/26\/presentation\/\">Continuer la lecture <span class=\"meta-nav\">&rarr;<\/span><\/a><\/p>\n","protected":false},"author":102,"featured_media":0,"comment_status":"open","ping_status":"open","sticky":false,"template":"","format":"standard","meta":{"_coblocks_attr":"","_coblocks_dimensions":"","_coblocks_responsive_height":"","_coblocks_accordion_ie_support":""},"categories":[5,11,13],"tags":[],"_links":{"self":[{"href":"http:\/\/blogcinemacentansdejeunesse.org\/filmer-l-autre\/wp-json\/wp\/v2\/posts\/206"}],"collection":[{"href":"http:\/\/blogcinemacentansdejeunesse.org\/filmer-l-autre\/wp-json\/wp\/v2\/posts"}],"about":[{"href":"http:\/\/blogcinemacentansdejeunesse.org\/filmer-l-autre\/wp-json\/wp\/v2\/types\/post"}],"author":[{"embeddable":true,"href":"http:\/\/blogcinemacentansdejeunesse.org\/filmer-l-autre\/wp-json\/wp\/v2\/users\/102"}],"replies":[{"embeddable":true,"href":"http:\/\/blogcinemacentansdejeunesse.org\/filmer-l-autre\/wp-json\/wp\/v2\/comments?post=206"}],"version-history":[{"count":4,"href":"http:\/\/blogcinemacentansdejeunesse.org\/filmer-l-autre\/wp-json\/wp\/v2\/posts\/206\/revisions"}],"predecessor-version":[{"id":1067,"href":"http:\/\/blogcinemacentansdejeunesse.org\/filmer-l-autre\/wp-json\/wp\/v2\/posts\/206\/revisions\/1067"}],"wp:attachment":[{"href":"http:\/\/blogcinemacentansdejeunesse.org\/filmer-l-autre\/wp-json\/wp\/v2\/media?parent=206"}],"wp:term":[{"taxonomy":"category","embeddable":true,"href":"http:\/\/blogcinemacentansdejeunesse.org\/filmer-l-autre\/wp-json\/wp\/v2\/categories?post=206"},{"taxonomy":"post_tag","embeddable":true,"href":"http:\/\/blogcinemacentansdejeunesse.org\/filmer-l-autre\/wp-json\/wp\/v2\/tags?post=206"}],"curies":[{"name":"wp","href":"https:\/\/api.w.org\/{rel}","templated":true}]}}