{"id":201,"date":"2024-01-25T19:33:31","date_gmt":"2024-01-25T18:33:31","guid":{"rendered":"http:\/\/blogcinemacentansdejeunesse.org\/filmer-l-autre\/?p=201"},"modified":"2024-02-22T16:01:47","modified_gmt":"2024-02-22T15:01:47","slug":"les-2ndes-1-du-lycee-champollion-a-grenoble","status":"publish","type":"post","link":"http:\/\/blogcinemacentansdejeunesse.org\/filmer-l-autre\/2024\/01\/25\/les-2ndes-1-du-lycee-champollion-a-grenoble\/","title":{"rendered":"Les 2ndes 1 du lyc\u00e9e Champollion \u00e0 Grenoble"},"content":{"rendered":"\n<figure class=\"wp-block-image size-large\"><img decoding=\"async\" loading=\"lazy\" width=\"1024\" height=\"768\" src=\"http:\/\/blogcinemacentansdejeunesse.org\/filmer-l-autre\/wp-content\/uploads\/sites\/13\/2024\/01\/WhatsApp-Image-2023-12-19-at-17.49.52-1024x768.jpeg\" alt=\"\" class=\"wp-image-202\" srcset=\"http:\/\/blogcinemacentansdejeunesse.org\/filmer-l-autre\/wp-content\/uploads\/sites\/13\/2024\/01\/WhatsApp-Image-2023-12-19-at-17.49.52-1024x768.jpeg 1024w, http:\/\/blogcinemacentansdejeunesse.org\/filmer-l-autre\/wp-content\/uploads\/sites\/13\/2024\/01\/WhatsApp-Image-2023-12-19-at-17.49.52-300x225.jpeg 300w, http:\/\/blogcinemacentansdejeunesse.org\/filmer-l-autre\/wp-content\/uploads\/sites\/13\/2024\/01\/WhatsApp-Image-2023-12-19-at-17.49.52-768x576.jpeg 768w, http:\/\/blogcinemacentansdejeunesse.org\/filmer-l-autre\/wp-content\/uploads\/sites\/13\/2024\/01\/WhatsApp-Image-2023-12-19-at-17.49.52-1536x1152.jpeg 1536w, http:\/\/blogcinemacentansdejeunesse.org\/filmer-l-autre\/wp-content\/uploads\/sites\/13\/2024\/01\/WhatsApp-Image-2023-12-19-at-17.49.52.jpeg 2048w\" sizes=\"(max-width: 1024px) 100vw, 1024px\" \/><\/figure>\n\n\n\n<p>Nous sommes 35 \u00e9l\u00e8ves de seconde \u00e0 participer cette ann\u00e9e au projet de classe du Cin\u00e9ma cent ans de Jeunesse ! Voici pour commencer une photo de notre classe avant d&rsquo;aller voir notre premier film documentaire en salle !<\/p>\n\n\n\n<p><\/p>\n\n\n<div class=\"wp-block-image\">\n<figure class=\"aligncenter size-large is-resized\"><img decoding=\"async\" loading=\"lazy\" src=\"http:\/\/blogcinemacentansdejeunesse.org\/filmer-l-autre\/wp-content\/uploads\/sites\/13\/2024\/01\/PHOTO-2023-10-10-10-10-23-1024x771.jpg\" alt=\"\" class=\"wp-image-236\" width=\"517\" height=\"389\" srcset=\"http:\/\/blogcinemacentansdejeunesse.org\/filmer-l-autre\/wp-content\/uploads\/sites\/13\/2024\/01\/PHOTO-2023-10-10-10-10-23-1024x771.jpg 1024w, http:\/\/blogcinemacentansdejeunesse.org\/filmer-l-autre\/wp-content\/uploads\/sites\/13\/2024\/01\/PHOTO-2023-10-10-10-10-23-300x226.jpg 300w, http:\/\/blogcinemacentansdejeunesse.org\/filmer-l-autre\/wp-content\/uploads\/sites\/13\/2024\/01\/PHOTO-2023-10-10-10-10-23-768x578.jpg 768w, http:\/\/blogcinemacentansdejeunesse.org\/filmer-l-autre\/wp-content\/uploads\/sites\/13\/2024\/01\/PHOTO-2023-10-10-10-10-23-1536x1156.jpg 1536w, http:\/\/blogcinemacentansdejeunesse.org\/filmer-l-autre\/wp-content\/uploads\/sites\/13\/2024\/01\/PHOTO-2023-10-10-10-10-23.jpg 1600w\" sizes=\"(max-width: 517px) 100vw, 517px\" \/><\/figure><\/div>\n\n<div class=\"wp-block-image\">\n<figure class=\"aligncenter size-large is-resized\"><img decoding=\"async\" loading=\"lazy\" src=\"http:\/\/blogcinemacentansdejeunesse.org\/filmer-l-autre\/wp-content\/uploads\/sites\/13\/2024\/02\/IMG_0823-1024x768.jpg\" alt=\"\" class=\"wp-image-391\" width=\"520\" height=\"389\" srcset=\"http:\/\/blogcinemacentansdejeunesse.org\/filmer-l-autre\/wp-content\/uploads\/sites\/13\/2024\/02\/IMG_0823-1024x768.jpg 1024w, http:\/\/blogcinemacentansdejeunesse.org\/filmer-l-autre\/wp-content\/uploads\/sites\/13\/2024\/02\/IMG_0823-300x225.jpg 300w, http:\/\/blogcinemacentansdejeunesse.org\/filmer-l-autre\/wp-content\/uploads\/sites\/13\/2024\/02\/IMG_0823-768x576.jpg 768w, http:\/\/blogcinemacentansdejeunesse.org\/filmer-l-autre\/wp-content\/uploads\/sites\/13\/2024\/02\/IMG_0823.jpg 1276w\" sizes=\"(max-width: 520px) 100vw, 520px\" \/><figcaption class=\"wp-element-caption\">La cour de notre lyc\u00e9e en automne<\/figcaption><\/figure><\/div>\n\n<div class=\"wp-block-image\">\n<figure class=\"aligncenter size-large is-resized\"><img decoding=\"async\" loading=\"lazy\" src=\"http:\/\/blogcinemacentansdejeunesse.org\/filmer-l-autre\/wp-content\/uploads\/sites\/13\/2024\/02\/IMG_1269-1024x768.jpg\" alt=\"\" class=\"wp-image-392\" width=\"526\" height=\"394\" srcset=\"http:\/\/blogcinemacentansdejeunesse.org\/filmer-l-autre\/wp-content\/uploads\/sites\/13\/2024\/02\/IMG_1269-1024x768.jpg 1024w, http:\/\/blogcinemacentansdejeunesse.org\/filmer-l-autre\/wp-content\/uploads\/sites\/13\/2024\/02\/IMG_1269-300x225.jpg 300w, http:\/\/blogcinemacentansdejeunesse.org\/filmer-l-autre\/wp-content\/uploads\/sites\/13\/2024\/02\/IMG_1269-768x576.jpg 768w, http:\/\/blogcinemacentansdejeunesse.org\/filmer-l-autre\/wp-content\/uploads\/sites\/13\/2024\/02\/IMG_1269.jpg 1417w\" sizes=\"(max-width: 526px) 100vw, 526px\" \/><figcaption class=\"wp-element-caption\">La cour de notre lyc\u00e9e un matin le 2 f\u00e9vrier ( pic de pollution)<\/figcaption><\/figure><\/div>","protected":false},"excerpt":{"rendered":"<p>Nous sommes 35 \u00e9l\u00e8ves de seconde \u00e0 participer cette ann\u00e9e au projet de classe du Cin\u00e9ma cent ans de Jeunesse ! Voici pour commencer une photo de notre classe avant d&rsquo;aller voir notre premier film documentaire en salle !<\/p>\n","protected":false},"author":60,"featured_media":0,"comment_status":"open","ping_status":"open","sticky":false,"template":"","format":"standard","meta":{"_coblocks_attr":"","_coblocks_dimensions":"","_coblocks_responsive_height":"","_coblocks_accordion_ie_support":""},"categories":[13],"tags":[],"_links":{"self":[{"href":"http:\/\/blogcinemacentansdejeunesse.org\/filmer-l-autre\/wp-json\/wp\/v2\/posts\/201"}],"collection":[{"href":"http:\/\/blogcinemacentansdejeunesse.org\/filmer-l-autre\/wp-json\/wp\/v2\/posts"}],"about":[{"href":"http:\/\/blogcinemacentansdejeunesse.org\/filmer-l-autre\/wp-json\/wp\/v2\/types\/post"}],"author":[{"embeddable":true,"href":"http:\/\/blogcinemacentansdejeunesse.org\/filmer-l-autre\/wp-json\/wp\/v2\/users\/60"}],"replies":[{"embeddable":true,"href":"http:\/\/blogcinemacentansdejeunesse.org\/filmer-l-autre\/wp-json\/wp\/v2\/comments?post=201"}],"version-history":[{"count":6,"href":"http:\/\/blogcinemacentansdejeunesse.org\/filmer-l-autre\/wp-json\/wp\/v2\/posts\/201\/revisions"}],"predecessor-version":[{"id":1068,"href":"http:\/\/blogcinemacentansdejeunesse.org\/filmer-l-autre\/wp-json\/wp\/v2\/posts\/201\/revisions\/1068"}],"wp:attachment":[{"href":"http:\/\/blogcinemacentansdejeunesse.org\/filmer-l-autre\/wp-json\/wp\/v2\/media?parent=201"}],"wp:term":[{"taxonomy":"category","embeddable":true,"href":"http:\/\/blogcinemacentansdejeunesse.org\/filmer-l-autre\/wp-json\/wp\/v2\/categories?post=201"},{"taxonomy":"post_tag","embeddable":true,"href":"http:\/\/blogcinemacentansdejeunesse.org\/filmer-l-autre\/wp-json\/wp\/v2\/tags?post=201"}],"curies":[{"name":"wp","href":"https:\/\/api.w.org\/{rel}","templated":true}]}}