{"id":1742,"date":"2024-05-15T21:41:10","date_gmt":"2024-05-15T19:41:10","guid":{"rendered":"http:\/\/blogcinemacentansdejeunesse.org\/filmer-l-autre\/?p=1742"},"modified":"2024-05-15T21:41:10","modified_gmt":"2024-05-15T19:41:10","slug":"nuit-et-brouillard-resnais","status":"publish","type":"post","link":"http:\/\/blogcinemacentansdejeunesse.org\/filmer-l-autre\/2024\/05\/15\/nuit-et-brouillard-resnais\/","title":{"rendered":"Nuit et Brouillard (Resnais)"},"content":{"rendered":"\n<p><strong>sobre <em>Noite e Nevoeiro<\/em> de Resnais\u00a0 (1955) &#8211; texto de Joaquim Queiroz<\/strong><\/p>\n\n\n\n<p>O assunto e a sua natureza turbulenta n\u00e3o nos s\u00e3o tornados evidentes no come\u00e7o. Ao inv\u00e9s, somos introduzidos em ambientes pac\u00edficos com a presen\u00e7a dominante da Natureza sobre as ru\u00ednas do que s\u00f3 ent\u00e3o vimos a reconhecer como os campos de concentra\u00e7\u00e3o j\u00e1 abandonados. Apesar de reterem a sua qualidade objetiva, as imagens dos campos &#8211; as de outrora e as de Resnais &#8211; tornam-se emocionalmente significantes para o espectador que \u00e9 guiado pela m\u00fasica de Hanns Eisler e a voz-off de Michel Bouquet. \u201cNoite e Nevoeiro\u201d deixa de ser tanto sobre estes acontecimentos, tal qual existiram, e passa a ser sobre como nos encontrarmos neles. \u00c9 da\u00ed que surge a revolta e o horror que sentimos. Estas paisagens e imagens passam a pertencer a um plano mais profundo e pessoal. O que diz sobre cada um, individualmente, quando conseguimos encontrar um lugar para estas realidades dentro de n\u00f3s? Tal como se ouve Bouquet dizer, \u00abcontamos a n\u00f3s mesmos que tudo foi confinado a um local, num determinado tempo\u00bb. E estas imagens, m\u00fasica e palavras, ficam imortilizadas no nosso \u00edntimo.<\/p>\n\n\n\n<figure class=\"wp-block-image size-full is-resized\"><img decoding=\"async\" loading=\"lazy\" src=\"http:\/\/blogcinemacentansdejeunesse.org\/filmer-l-autre\/wp-content\/uploads\/sites\/13\/2024\/05\/noite-1.png\" alt=\"\" class=\"wp-image-1743\" width=\"668\" height=\"490\" srcset=\"http:\/\/blogcinemacentansdejeunesse.org\/filmer-l-autre\/wp-content\/uploads\/sites\/13\/2024\/05\/noite-1.png 425w, http:\/\/blogcinemacentansdejeunesse.org\/filmer-l-autre\/wp-content\/uploads\/sites\/13\/2024\/05\/noite-1-300x220.png 300w\" sizes=\"(max-width: 668px) 100vw, 668px\" \/><\/figure>\n\n\n\n<p><strong>about <em>Nuit et Brouillard <\/em>(Resnais-1955) &#8211; text by Joaquim Queiroz<\/strong><\/p>\n\n\n\n<p>The subject and its turbulent nature are not made obvious to us at first. Instead, we are introduced to peaceful surroundings with the dominant presence of nature over the ruins of what we only then come to recognize as the now-abandoned concentration camps. Although they retain their objective quality, the images of the camps &#8211; those of yesteryear and those of Resnais &#8211; become emotionally significant for the viewer who is guided by Hanns Eisler&rsquo;s music and Michel Bouquet&rsquo;s voice-over. \u201cNight and Fog\u201d is no longer so much about these events as they existed, but about how we find ourselves in them. That&rsquo;s where the revolt and horror we feel come from. These landscapes and images become part of a deeper, more personal plane. What does it say about each of us individually when we manage to find a place for these realities within ourselves? As Bouquet says, \u201cwe tell ourselves that everything was confined to one place at one time\u201d. And these images, music and words remain immortalized within us.<\/p>\n\n\n\n<figure class=\"wp-block-image size-full is-resized\"><img decoding=\"async\" loading=\"lazy\" src=\"http:\/\/blogcinemacentansdejeunesse.org\/filmer-l-autre\/wp-content\/uploads\/sites\/13\/2024\/05\/noite-2.png\" alt=\"\" class=\"wp-image-1744\" width=\"668\" height=\"489\" srcset=\"http:\/\/blogcinemacentansdejeunesse.org\/filmer-l-autre\/wp-content\/uploads\/sites\/13\/2024\/05\/noite-2.png 425w, http:\/\/blogcinemacentansdejeunesse.org\/filmer-l-autre\/wp-content\/uploads\/sites\/13\/2024\/05\/noite-2-300x220.png 300w\" sizes=\"(max-width: 668px) 100vw, 668px\" \/><\/figure>\n","protected":false},"excerpt":{"rendered":"<p>sobre Noite e Nevoeiro de Resnais\u00a0 (1955) &#8211; texto de Joaquim Queiroz O assunto e a sua natureza turbulenta n\u00e3o nos s\u00e3o tornados evidentes no come\u00e7o. Ao inv\u00e9s, somos introduzidos em ambientes pac\u00edficos com a presen\u00e7a dominante da Natureza sobre &hellip; <a href=\"http:\/\/blogcinemacentansdejeunesse.org\/filmer-l-autre\/2024\/05\/15\/nuit-et-brouillard-resnais\/\">Continuer la lecture <span class=\"meta-nav\">&rarr;<\/span><\/a><\/p>\n","protected":false},"author":69,"featured_media":0,"comment_status":"open","ping_status":"open","sticky":false,"template":"","format":"standard","meta":{"_coblocks_attr":"","_coblocks_dimensions":"","_coblocks_responsive_height":"","_coblocks_accordion_ie_support":""},"categories":[1],"tags":[],"_links":{"self":[{"href":"http:\/\/blogcinemacentansdejeunesse.org\/filmer-l-autre\/wp-json\/wp\/v2\/posts\/1742"}],"collection":[{"href":"http:\/\/blogcinemacentansdejeunesse.org\/filmer-l-autre\/wp-json\/wp\/v2\/posts"}],"about":[{"href":"http:\/\/blogcinemacentansdejeunesse.org\/filmer-l-autre\/wp-json\/wp\/v2\/types\/post"}],"author":[{"embeddable":true,"href":"http:\/\/blogcinemacentansdejeunesse.org\/filmer-l-autre\/wp-json\/wp\/v2\/users\/69"}],"replies":[{"embeddable":true,"href":"http:\/\/blogcinemacentansdejeunesse.org\/filmer-l-autre\/wp-json\/wp\/v2\/comments?post=1742"}],"version-history":[{"count":1,"href":"http:\/\/blogcinemacentansdejeunesse.org\/filmer-l-autre\/wp-json\/wp\/v2\/posts\/1742\/revisions"}],"predecessor-version":[{"id":1745,"href":"http:\/\/blogcinemacentansdejeunesse.org\/filmer-l-autre\/wp-json\/wp\/v2\/posts\/1742\/revisions\/1745"}],"wp:attachment":[{"href":"http:\/\/blogcinemacentansdejeunesse.org\/filmer-l-autre\/wp-json\/wp\/v2\/media?parent=1742"}],"wp:term":[{"taxonomy":"category","embeddable":true,"href":"http:\/\/blogcinemacentansdejeunesse.org\/filmer-l-autre\/wp-json\/wp\/v2\/categories?post=1742"},{"taxonomy":"post_tag","embeddable":true,"href":"http:\/\/blogcinemacentansdejeunesse.org\/filmer-l-autre\/wp-json\/wp\/v2\/tags?post=1742"}],"curies":[{"name":"wp","href":"https:\/\/api.w.org\/{rel}","templated":true}]}}