{"id":1354,"date":"2024-04-03T15:23:06","date_gmt":"2024-04-03T13:23:06","guid":{"rendered":"http:\/\/blogcinemacentansdejeunesse.org\/filmer-l-autre\/?p=1354"},"modified":"2024-04-03T15:23:06","modified_gmt":"2024-04-03T13:23:06","slug":"le-cinema-de-lecole-edouard-vaillant","status":"publish","type":"post","link":"http:\/\/blogcinemacentansdejeunesse.org\/filmer-l-autre\/2024\/04\/03\/le-cinema-de-lecole-edouard-vaillant\/","title":{"rendered":"LE CIN\u00c9MA DE L&rsquo;\u00c9COLE \u00c9DOUARD VAILLANT"},"content":{"rendered":"\n<p>Les \u00e9l\u00e8ves de la classe de CE2-CM1 s&rsquo;engagent dans le projet \u00ab\u00a0Le cin\u00e9ma cent ans de jeunesse\u00a0\u00bb. <\/p>\n\n\n\n<p><\/p>\n\n\n\n<p>Bonjour,  Nous sommes la classe de CE2-CM1 de l&rsquo;\u00e9cole \u00e9l\u00e9mentaire \u00c9DOUARD VAILLANT. Nous vivons \u00e0 Marseille. <\/p>\n\n\n\n<p>Nous avons commenc\u00e9 \u00e0 filmer le travail tout pr\u00e8s de notre \u00e9cole. <\/p>\n\n\n\n<p>Nous allons choisir le th\u00e8me du documentaire que nous vous pr\u00e9senterons \u00e0 Paris fin juin. Il nous tarde de voir les votres.<\/p>\n\n\n\n<p>\u00c0 tr\u00e8s bient\u00f4t. <\/p>\n\n\n\n<p><\/p>\n\n\n\n<p><\/p>\n\n\n\n<p><\/p>\n","protected":false},"excerpt":{"rendered":"<p>Les \u00e9l\u00e8ves de la classe de CE2-CM1 s&rsquo;engagent dans le projet \u00ab\u00a0Le cin\u00e9ma cent ans de jeunesse\u00a0\u00bb. Bonjour, Nous sommes la classe de CE2-CM1 de l&rsquo;\u00e9cole \u00e9l\u00e9mentaire \u00c9DOUARD VAILLANT. Nous vivons \u00e0 Marseille. Nous avons commenc\u00e9 \u00e0 filmer le travail &hellip; <a href=\"http:\/\/blogcinemacentansdejeunesse.org\/filmer-l-autre\/2024\/04\/03\/le-cinema-de-lecole-edouard-vaillant\/\">Continuer la lecture <span class=\"meta-nav\">&rarr;<\/span><\/a><\/p>\n","protected":false},"author":63,"featured_media":0,"comment_status":"open","ping_status":"open","sticky":false,"template":"","format":"standard","meta":{"_coblocks_attr":"","_coblocks_dimensions":"","_coblocks_responsive_height":"","_coblocks_accordion_ie_support":""},"categories":[1],"tags":[],"_links":{"self":[{"href":"http:\/\/blogcinemacentansdejeunesse.org\/filmer-l-autre\/wp-json\/wp\/v2\/posts\/1354"}],"collection":[{"href":"http:\/\/blogcinemacentansdejeunesse.org\/filmer-l-autre\/wp-json\/wp\/v2\/posts"}],"about":[{"href":"http:\/\/blogcinemacentansdejeunesse.org\/filmer-l-autre\/wp-json\/wp\/v2\/types\/post"}],"author":[{"embeddable":true,"href":"http:\/\/blogcinemacentansdejeunesse.org\/filmer-l-autre\/wp-json\/wp\/v2\/users\/63"}],"replies":[{"embeddable":true,"href":"http:\/\/blogcinemacentansdejeunesse.org\/filmer-l-autre\/wp-json\/wp\/v2\/comments?post=1354"}],"version-history":[{"count":2,"href":"http:\/\/blogcinemacentansdejeunesse.org\/filmer-l-autre\/wp-json\/wp\/v2\/posts\/1354\/revisions"}],"predecessor-version":[{"id":1356,"href":"http:\/\/blogcinemacentansdejeunesse.org\/filmer-l-autre\/wp-json\/wp\/v2\/posts\/1354\/revisions\/1356"}],"wp:attachment":[{"href":"http:\/\/blogcinemacentansdejeunesse.org\/filmer-l-autre\/wp-json\/wp\/v2\/media?parent=1354"}],"wp:term":[{"taxonomy":"category","embeddable":true,"href":"http:\/\/blogcinemacentansdejeunesse.org\/filmer-l-autre\/wp-json\/wp\/v2\/categories?post=1354"},{"taxonomy":"post_tag","embeddable":true,"href":"http:\/\/blogcinemacentansdejeunesse.org\/filmer-l-autre\/wp-json\/wp\/v2\/tags?post=1354"}],"curies":[{"name":"wp","href":"https:\/\/api.w.org\/{rel}","templated":true}]}}