{"id":1109,"date":"2024-02-25T16:22:00","date_gmt":"2024-02-25T15:22:00","guid":{"rendered":"http:\/\/blogcinemacentansdejeunesse.org\/filmer-l-autre\/?p=1109"},"modified":"2024-02-25T16:23:21","modified_gmt":"2024-02-25T15:23:21","slug":"college-georges-brassens-presentation-de-latelier","status":"publish","type":"post","link":"http:\/\/blogcinemacentansdejeunesse.org\/filmer-l-autre\/2024\/02\/25\/college-georges-brassens-presentation-de-latelier\/","title":{"rendered":"Coll\u00e8ge Georges Brassens &#8211; Pr\u00e9sentation de l&rsquo;atelier"},"content":{"rendered":"\n<p>Bonjour,<\/p>\n\n\n\n<p>Nous sommes la 5\u00e8me Pel\u00e9, une classe du coll\u00e8ge Georges Brassens, dans le 19\u00e8me arrondissement de Paris.<\/p>\n\n\n\n<p>La classe est compos\u00e9e de 14 filles et 11 gar\u00e7ons. <\/p>\n\n\n\n<p>Un jeudi sur deux avec Florent Darmon, notre intervenant, nous avons (\u00e0 la place du cours de maths et du cours d&rsquo;EPS) deux heures de projet pendant lesquelles nous visionnons des extraits de films, mais surtout nous filmons et montons les images et les sons enregistr\u00e9s.<\/p>\n\n\n\n<p>Nous sommes tr\u00e8s investis dans le projet et tr\u00e8s motiv\u00e9s par le voyage \u00e0 Lisbonne \ud83d\ude42<\/p>\n\n\n\n<p>A bient\u00f4t !<\/p>\n\n\n\n<figure class=\"wp-block-image size-large\"><img decoding=\"async\" loading=\"lazy\" width=\"1024\" height=\"768\" src=\"http:\/\/blogcinemacentansdejeunesse.org\/filmer-l-autre\/wp-content\/uploads\/sites\/13\/2024\/02\/IMG_9251-1024x768.jpg\" alt=\"\" class=\"wp-image-1110\" srcset=\"http:\/\/blogcinemacentansdejeunesse.org\/filmer-l-autre\/wp-content\/uploads\/sites\/13\/2024\/02\/IMG_9251-1024x768.jpg 1024w, http:\/\/blogcinemacentansdejeunesse.org\/filmer-l-autre\/wp-content\/uploads\/sites\/13\/2024\/02\/IMG_9251-300x225.jpg 300w, http:\/\/blogcinemacentansdejeunesse.org\/filmer-l-autre\/wp-content\/uploads\/sites\/13\/2024\/02\/IMG_9251-768x576.jpg 768w, http:\/\/blogcinemacentansdejeunesse.org\/filmer-l-autre\/wp-content\/uploads\/sites\/13\/2024\/02\/IMG_9251-1536x1152.jpg 1536w, http:\/\/blogcinemacentansdejeunesse.org\/filmer-l-autre\/wp-content\/uploads\/sites\/13\/2024\/02\/IMG_9251.jpg 2016w\" sizes=\"(max-width: 1024px) 100vw, 1024px\" \/><\/figure>\n\n\n\n<figure class=\"wp-block-image size-large\"><img decoding=\"async\" loading=\"lazy\" width=\"768\" height=\"1024\" src=\"http:\/\/blogcinemacentansdejeunesse.org\/filmer-l-autre\/wp-content\/uploads\/sites\/13\/2024\/02\/IMG_9252-768x1024.jpg\" alt=\"\" class=\"wp-image-1111\" srcset=\"http:\/\/blogcinemacentansdejeunesse.org\/filmer-l-autre\/wp-content\/uploads\/sites\/13\/2024\/02\/IMG_9252-768x1024.jpg 768w, http:\/\/blogcinemacentansdejeunesse.org\/filmer-l-autre\/wp-content\/uploads\/sites\/13\/2024\/02\/IMG_9252-225x300.jpg 225w, http:\/\/blogcinemacentansdejeunesse.org\/filmer-l-autre\/wp-content\/uploads\/sites\/13\/2024\/02\/IMG_9252-1152x1536.jpg 1152w, http:\/\/blogcinemacentansdejeunesse.org\/filmer-l-autre\/wp-content\/uploads\/sites\/13\/2024\/02\/IMG_9252-rotated.jpg 1512w\" sizes=\"(max-width: 768px) 100vw, 768px\" \/><\/figure>\n","protected":false},"excerpt":{"rendered":"<p>Bonjour, Nous sommes la 5\u00e8me Pel\u00e9, une classe du coll\u00e8ge Georges Brassens, dans le 19\u00e8me arrondissement de Paris. La classe est compos\u00e9e de 14 filles et 11 gar\u00e7ons. Un jeudi sur deux avec Florent Darmon, notre intervenant, nous avons (\u00e0 &hellip; <a href=\"http:\/\/blogcinemacentansdejeunesse.org\/filmer-l-autre\/2024\/02\/25\/college-georges-brassens-presentation-de-latelier\/\">Continuer la lecture <span class=\"meta-nav\">&rarr;<\/span><\/a><\/p>\n","protected":false},"author":98,"featured_media":0,"comment_status":"open","ping_status":"open","sticky":false,"template":"","format":"standard","meta":{"_coblocks_attr":"","_coblocks_dimensions":"","_coblocks_responsive_height":"","_coblocks_accordion_ie_support":""},"categories":[13],"tags":[],"_links":{"self":[{"href":"http:\/\/blogcinemacentansdejeunesse.org\/filmer-l-autre\/wp-json\/wp\/v2\/posts\/1109"}],"collection":[{"href":"http:\/\/blogcinemacentansdejeunesse.org\/filmer-l-autre\/wp-json\/wp\/v2\/posts"}],"about":[{"href":"http:\/\/blogcinemacentansdejeunesse.org\/filmer-l-autre\/wp-json\/wp\/v2\/types\/post"}],"author":[{"embeddable":true,"href":"http:\/\/blogcinemacentansdejeunesse.org\/filmer-l-autre\/wp-json\/wp\/v2\/users\/98"}],"replies":[{"embeddable":true,"href":"http:\/\/blogcinemacentansdejeunesse.org\/filmer-l-autre\/wp-json\/wp\/v2\/comments?post=1109"}],"version-history":[{"count":2,"href":"http:\/\/blogcinemacentansdejeunesse.org\/filmer-l-autre\/wp-json\/wp\/v2\/posts\/1109\/revisions"}],"predecessor-version":[{"id":1113,"href":"http:\/\/blogcinemacentansdejeunesse.org\/filmer-l-autre\/wp-json\/wp\/v2\/posts\/1109\/revisions\/1113"}],"wp:attachment":[{"href":"http:\/\/blogcinemacentansdejeunesse.org\/filmer-l-autre\/wp-json\/wp\/v2\/media?parent=1109"}],"wp:term":[{"taxonomy":"category","embeddable":true,"href":"http:\/\/blogcinemacentansdejeunesse.org\/filmer-l-autre\/wp-json\/wp\/v2\/categories?post=1109"},{"taxonomy":"post_tag","embeddable":true,"href":"http:\/\/blogcinemacentansdejeunesse.org\/filmer-l-autre\/wp-json\/wp\/v2\/tags?post=1109"}],"curies":[{"name":"wp","href":"https:\/\/api.w.org\/{rel}","templated":true}]}}