{"id":1072,"date":"2024-05-15T17:22:38","date_gmt":"2024-05-15T15:22:38","guid":{"rendered":"http:\/\/blogcinemacentansdejeunesse.org\/filmer-l-autre\/?p=1072"},"modified":"2024-05-15T17:22:38","modified_gmt":"2024-05-15T15:22:38","slug":"apresentacao-do-grupo-agrupamento-de-escolas-manuel-ferreira-patricio","status":"publish","type":"post","link":"http:\/\/blogcinemacentansdejeunesse.org\/filmer-l-autre\/2024\/05\/15\/apresentacao-do-grupo-agrupamento-de-escolas-manuel-ferreira-patricio\/","title":{"rendered":"Apresenta\u00e7\u00e3o do Grupo | Agrupamento de Escolas Manuel Ferreira Patr\u00edcio"},"content":{"rendered":"\n<figure class=\"wp-block-image size-large\"><img decoding=\"async\" loading=\"lazy\" width=\"1024\" height=\"713\" src=\"http:\/\/blogcinemacentansdejeunesse.org\/filmer-l-autre\/wp-content\/uploads\/sites\/13\/2024\/02\/Captura-de-ecra-2024-02-22-as-16.33.20-1-1024x713.jpg\" alt=\"\" class=\"wp-image-1075\" srcset=\"http:\/\/blogcinemacentansdejeunesse.org\/filmer-l-autre\/wp-content\/uploads\/sites\/13\/2024\/02\/Captura-de-ecra-2024-02-22-as-16.33.20-1-1024x713.jpg 1024w, http:\/\/blogcinemacentansdejeunesse.org\/filmer-l-autre\/wp-content\/uploads\/sites\/13\/2024\/02\/Captura-de-ecra-2024-02-22-as-16.33.20-1-300x209.jpg 300w, http:\/\/blogcinemacentansdejeunesse.org\/filmer-l-autre\/wp-content\/uploads\/sites\/13\/2024\/02\/Captura-de-ecra-2024-02-22-as-16.33.20-1-768x535.jpg 768w, http:\/\/blogcinemacentansdejeunesse.org\/filmer-l-autre\/wp-content\/uploads\/sites\/13\/2024\/02\/Captura-de-ecra-2024-02-22-as-16.33.20-1.jpg 1309w\" sizes=\"(max-width: 1024px) 100vw, 1024px\" \/><figcaption class=\"wp-element-caption\">Foto de Grupo dos Alunos da Escola Manuel Ferreira Patr\u00edcio<\/figcaption><\/figure>\n\n\n\n<p>Ol\u00e1! Somos um grupo de alunos da Escola Manuel Ferreira Patr\u00edcio em \u00c9vora. Este ano vamos participar no projeto \u00a0\u00bb Cinema Cem anos de Juventude\u00a0\u00bb. Queremos ver filmes e falar sobre cinema. Queremos aprender mais sobre cinema.&nbsp; E quem sabe &#8230; fazer filmes!<\/p>\n\n\n\n<p>*<\/p>\n\n\n\n<p>Hello, we&rsquo;re a group of students from the Manuel Ferreira Patr\u00edcio School in \u00c9vora. This year we&rsquo;re going to take part in the \u2018Cinema One Hundred Years of Youth\u2019 project. We want to watch films and talk about cinema. We want to learn more about cinema.&nbsp; And who knows? make films!<\/p>\n","protected":false},"excerpt":{"rendered":"<p>Ol\u00e1! Somos um grupo de alunos da Escola Manuel Ferreira Patr\u00edcio em \u00c9vora. Este ano vamos participar no projeto \u00a0\u00bb Cinema Cem anos de Juventude\u00a0\u00bb. Queremos ver filmes e falar sobre cinema. Queremos aprender mais sobre cinema.&nbsp; E quem sabe &hellip; <a href=\"http:\/\/blogcinemacentansdejeunesse.org\/filmer-l-autre\/2024\/05\/15\/apresentacao-do-grupo-agrupamento-de-escolas-manuel-ferreira-patricio\/\">Continuer la lecture <span class=\"meta-nav\">&rarr;<\/span><\/a><\/p>\n","protected":false},"author":76,"featured_media":0,"comment_status":"open","ping_status":"open","sticky":false,"template":"","format":"standard","meta":{"_coblocks_attr":"","_coblocks_dimensions":"","_coblocks_responsive_height":"","_coblocks_accordion_ie_support":""},"categories":[1],"tags":[],"_links":{"self":[{"href":"http:\/\/blogcinemacentansdejeunesse.org\/filmer-l-autre\/wp-json\/wp\/v2\/posts\/1072"}],"collection":[{"href":"http:\/\/blogcinemacentansdejeunesse.org\/filmer-l-autre\/wp-json\/wp\/v2\/posts"}],"about":[{"href":"http:\/\/blogcinemacentansdejeunesse.org\/filmer-l-autre\/wp-json\/wp\/v2\/types\/post"}],"author":[{"embeddable":true,"href":"http:\/\/blogcinemacentansdejeunesse.org\/filmer-l-autre\/wp-json\/wp\/v2\/users\/76"}],"replies":[{"embeddable":true,"href":"http:\/\/blogcinemacentansdejeunesse.org\/filmer-l-autre\/wp-json\/wp\/v2\/comments?post=1072"}],"version-history":[{"count":3,"href":"http:\/\/blogcinemacentansdejeunesse.org\/filmer-l-autre\/wp-json\/wp\/v2\/posts\/1072\/revisions"}],"predecessor-version":[{"id":1623,"href":"http:\/\/blogcinemacentansdejeunesse.org\/filmer-l-autre\/wp-json\/wp\/v2\/posts\/1072\/revisions\/1623"}],"wp:attachment":[{"href":"http:\/\/blogcinemacentansdejeunesse.org\/filmer-l-autre\/wp-json\/wp\/v2\/media?parent=1072"}],"wp:term":[{"taxonomy":"category","embeddable":true,"href":"http:\/\/blogcinemacentansdejeunesse.org\/filmer-l-autre\/wp-json\/wp\/v2\/categories?post=1072"},{"taxonomy":"post_tag","embeddable":true,"href":"http:\/\/blogcinemacentansdejeunesse.org\/filmer-l-autre\/wp-json\/wp\/v2\/tags?post=1072"}],"curies":[{"name":"wp","href":"https:\/\/api.w.org\/{rel}","templated":true}]}}