{"id":566,"date":"2023-02-06T10:40:05","date_gmt":"2023-02-06T09:40:05","guid":{"rendered":"https:\/\/blogcinemacentansdejeunesse.org\/centredecentre\/?p=566"},"modified":"2023-03-13T09:43:52","modified_gmt":"2023-03-13T08:43:52","slug":"champollion-high-school-class-presentation","status":"publish","type":"post","link":"http:\/\/blogcinemacentansdejeunesse.org\/centredecentre\/champollion\/champollion-high-school-class-presentation\/","title":{"rendered":"Champollion high school: class presentation"},"content":{"rendered":"\n<figure class=\"wp-block-image size-large\"><img decoding=\"async\" loading=\"lazy\" width=\"1024\" height=\"768\" src=\"https:\/\/blogcinemacentansdejeunesse.org\/centredecentre\/wp-content\/uploads\/sites\/12\/2023\/02\/IMG_6317-1024x768.jpg\" alt=\"\" class=\"wp-image-582\" srcset=\"http:\/\/blogcinemacentansdejeunesse.org\/centredecentre\/wp-content\/uploads\/sites\/12\/2023\/02\/IMG_6317-1024x768.jpg 1024w, http:\/\/blogcinemacentansdejeunesse.org\/centredecentre\/wp-content\/uploads\/sites\/12\/2023\/02\/IMG_6317-300x225.jpg 300w, http:\/\/blogcinemacentansdejeunesse.org\/centredecentre\/wp-content\/uploads\/sites\/12\/2023\/02\/IMG_6317-768x576.jpg 768w, http:\/\/blogcinemacentansdejeunesse.org\/centredecentre\/wp-content\/uploads\/sites\/12\/2023\/02\/IMG_6317.jpg 1280w\" sizes=\"(max-width: 1024px) 100vw, 1024px\" \/><figcaption class=\"wp-element-caption\">Just before the projection of First Cow<\/figcaption><\/figure>\n\n\n\n<p class=\"has-luminous-vivid-amber-to-luminous-vivid-orange-gradient-background has-background\">Hi everyone,<br><br>We are the Seconde 1 (first year) at Champollion high school and we are part of the project organised by <em>Cinema Cent ans de Jeunesse<\/em>. We live in France and more precisely in Grenoble, the Alpes\u2019 Capital.<br>Our class is a blend of 35 very motivated students!<br>We are also the music option class, so it\u2019s a real asset to create a film.<br><br>Personally, I am really happy to take part in the adventure because I think it is a real chance that I am in this class. I am excited to create our short film and then to present it in June in Frankfort&nbsp;!<\/p>\n\n\n\n<p class=\"has-medium-gray-color has-luminous-vivid-amber-to-luminous-vivid-orange-gradient-background has-text-color has-background\">Chlo\u00e9<\/p>\n\n\n\n<figure class=\"wp-block-image size-large\"><img decoding=\"async\" loading=\"lazy\" width=\"1024\" height=\"576\" src=\"https:\/\/blogcinemacentansdejeunesse.org\/centredecentre\/wp-content\/uploads\/sites\/12\/2023\/02\/Sarai-eliot-maxime-1024x576.jpg\" alt=\"\" class=\"wp-image-612\" srcset=\"http:\/\/blogcinemacentansdejeunesse.org\/centredecentre\/wp-content\/uploads\/sites\/12\/2023\/02\/Sarai-eliot-maxime-1024x576.jpg 1024w, http:\/\/blogcinemacentansdejeunesse.org\/centredecentre\/wp-content\/uploads\/sites\/12\/2023\/02\/Sarai-eliot-maxime-300x169.jpg 300w, http:\/\/blogcinemacentansdejeunesse.org\/centredecentre\/wp-content\/uploads\/sites\/12\/2023\/02\/Sarai-eliot-maxime-768x432.jpg 768w, http:\/\/blogcinemacentansdejeunesse.org\/centredecentre\/wp-content\/uploads\/sites\/12\/2023\/02\/Sarai-eliot-maxime.jpg 1280w\" sizes=\"(max-width: 1024px) 100vw, 1024px\" \/><\/figure>\n\n\n\n<figure class=\"wp-block-image size-large\"><img decoding=\"async\" loading=\"lazy\" width=\"1024\" height=\"576\" src=\"https:\/\/blogcinemacentansdejeunesse.org\/centredecentre\/wp-content\/uploads\/sites\/12\/2023\/02\/P1070049-1024x576.jpg\" alt=\"\" class=\"wp-image-671\" srcset=\"http:\/\/blogcinemacentansdejeunesse.org\/centredecentre\/wp-content\/uploads\/sites\/12\/2023\/02\/P1070049-1024x576.jpg 1024w, http:\/\/blogcinemacentansdejeunesse.org\/centredecentre\/wp-content\/uploads\/sites\/12\/2023\/02\/P1070049-300x169.jpg 300w, http:\/\/blogcinemacentansdejeunesse.org\/centredecentre\/wp-content\/uploads\/sites\/12\/2023\/02\/P1070049-768x432.jpg 768w, http:\/\/blogcinemacentansdejeunesse.org\/centredecentre\/wp-content\/uploads\/sites\/12\/2023\/02\/P1070049.jpg 1280w\" sizes=\"(max-width: 1024px) 100vw, 1024px\" \/><\/figure>\n\n\n\n<figure class=\"wp-block-image size-large\"><img decoding=\"async\" loading=\"lazy\" width=\"1024\" height=\"768\" src=\"https:\/\/blogcinemacentansdejeunesse.org\/centredecentre\/wp-content\/uploads\/sites\/12\/2023\/02\/IMG_6318-1024x768.jpg\" alt=\"\" class=\"wp-image-584\" srcset=\"http:\/\/blogcinemacentansdejeunesse.org\/centredecentre\/wp-content\/uploads\/sites\/12\/2023\/02\/IMG_6318-1024x768.jpg 1024w, http:\/\/blogcinemacentansdejeunesse.org\/centredecentre\/wp-content\/uploads\/sites\/12\/2023\/02\/IMG_6318-300x225.jpg 300w, http:\/\/blogcinemacentansdejeunesse.org\/centredecentre\/wp-content\/uploads\/sites\/12\/2023\/02\/IMG_6318-768x576.jpg 768w, http:\/\/blogcinemacentansdejeunesse.org\/centredecentre\/wp-content\/uploads\/sites\/12\/2023\/02\/IMG_6318.jpg 1280w\" sizes=\"(max-width: 1024px) 100vw, 1024px\" \/><\/figure>\n\n\n\n<p class=\"has-small-font-size\">Nous sommes la classe des 2nd 1 du prestigieux lyc\u00e9e Champollion et participons au projet organis\u00e9 par Cin\u00e9ma Cent ans de Jeunesse. Notre lyc\u00e9e se situe en France \u00e0 Grenoble, la capitale des Alpes.<br>Notre classe est compos\u00e9e de 35 \u00e9l\u00e8ves tr\u00e8s motiv\u00e9s ! Nous sommes aussi la classe option musique. Il y a donc une majorit\u00e9 de musiciens ce qui est un r\u00e9el atout pour les films.<br>Nous avons la chance d\u2019\u00eatre accompagn\u00e9s par des professeurs  investis : Mme Lasserre, professeure d\u2019histoire, g\u00e9ographie qui anime nos cours de cin\u00e9ma ; Mme Pinaud, professeure de fran\u00e7ais ; Mme Artiguebieille, professeure d\u2019anglais et M Rey, professeur de musique.<br>Voil\u00e0, Vous connaissez un peu mieux notre classe !<\/p>\n\n\n\n<p>Chlo\u00e9 et C\u00e9lie<\/p>\n\n\n<div class=\"wp-block-image\">\n<figure class=\"alignright size-large\"><img decoding=\"async\" loading=\"lazy\" width=\"768\" height=\"1024\" src=\"https:\/\/blogcinemacentansdejeunesse.org\/centredecentre\/wp-content\/uploads\/sites\/12\/2023\/03\/IMG_7202-768x1024.jpg\" alt=\"\" class=\"wp-image-923\" srcset=\"http:\/\/blogcinemacentansdejeunesse.org\/centredecentre\/wp-content\/uploads\/sites\/12\/2023\/03\/IMG_7202-768x1024.jpg 768w, http:\/\/blogcinemacentansdejeunesse.org\/centredecentre\/wp-content\/uploads\/sites\/12\/2023\/03\/IMG_7202-225x300.jpg 225w, http:\/\/blogcinemacentansdejeunesse.org\/centredecentre\/wp-content\/uploads\/sites\/12\/2023\/03\/IMG_7202.jpg 960w\" sizes=\"(max-width: 768px) 100vw, 768px\" \/><figcaption class=\"wp-element-caption\">Chaque \u00e9l\u00e8ve va essayer de tenir son cahier de bord pour le projet ( page de couverture d&rsquo;Anthony)<\/figcaption><\/figure><\/div>\n\n<div class=\"wp-block-image\">\n<figure class=\"alignleft size-large\"><img decoding=\"async\" loading=\"lazy\" width=\"768\" height=\"1024\" src=\"https:\/\/blogcinemacentansdejeunesse.org\/centredecentre\/wp-content\/uploads\/sites\/12\/2023\/03\/IMG_7249-768x1024.jpg\" alt=\"\" class=\"wp-image-1032\" srcset=\"http:\/\/blogcinemacentansdejeunesse.org\/centredecentre\/wp-content\/uploads\/sites\/12\/2023\/03\/IMG_7249-768x1024.jpg 768w, http:\/\/blogcinemacentansdejeunesse.org\/centredecentre\/wp-content\/uploads\/sites\/12\/2023\/03\/IMG_7249-225x300.jpg 225w, http:\/\/blogcinemacentansdejeunesse.org\/centredecentre\/wp-content\/uploads\/sites\/12\/2023\/03\/IMG_7249.jpg 960w\" sizes=\"(max-width: 768px) 100vw, 768px\" \/><\/figure><\/div>","protected":false},"excerpt":{"rendered":"<p>Hi everyone, We are the Seconde 1 (first year) at Champollion high school and we are part of the project organised by Cinema Cent ans de Jeunesse. We live in France and more precisely in Grenoble, the Alpes\u2019 Capital.Our class &hellip; <a href=\"http:\/\/blogcinemacentansdejeunesse.org\/centredecentre\/champollion\/champollion-high-school-class-presentation\/\">Continuer la lecture <span class=\"meta-nav\">&rarr;<\/span><\/a><\/p>\n","protected":false},"author":38,"featured_media":0,"comment_status":"open","ping_status":"open","sticky":false,"template":"","format":"standard","meta":{"_coblocks_attr":"","_coblocks_dimensions":"","_coblocks_responsive_height":"","_coblocks_accordion_ie_support":""},"categories":[1],"tags":[],"_links":{"self":[{"href":"http:\/\/blogcinemacentansdejeunesse.org\/centredecentre\/wp-json\/wp\/v2\/posts\/566"}],"collection":[{"href":"http:\/\/blogcinemacentansdejeunesse.org\/centredecentre\/wp-json\/wp\/v2\/posts"}],"about":[{"href":"http:\/\/blogcinemacentansdejeunesse.org\/centredecentre\/wp-json\/wp\/v2\/types\/post"}],"author":[{"embeddable":true,"href":"http:\/\/blogcinemacentansdejeunesse.org\/centredecentre\/wp-json\/wp\/v2\/users\/38"}],"replies":[{"embeddable":true,"href":"http:\/\/blogcinemacentansdejeunesse.org\/centredecentre\/wp-json\/wp\/v2\/comments?post=566"}],"version-history":[{"count":10,"href":"http:\/\/blogcinemacentansdejeunesse.org\/centredecentre\/wp-json\/wp\/v2\/posts\/566\/revisions"}],"predecessor-version":[{"id":1033,"href":"http:\/\/blogcinemacentansdejeunesse.org\/centredecentre\/wp-json\/wp\/v2\/posts\/566\/revisions\/1033"}],"wp:attachment":[{"href":"http:\/\/blogcinemacentansdejeunesse.org\/centredecentre\/wp-json\/wp\/v2\/media?parent=566"}],"wp:term":[{"taxonomy":"category","embeddable":true,"href":"http:\/\/blogcinemacentansdejeunesse.org\/centredecentre\/wp-json\/wp\/v2\/categories?post=566"},{"taxonomy":"post_tag","embeddable":true,"href":"http:\/\/blogcinemacentansdejeunesse.org\/centredecentre\/wp-json\/wp\/v2\/tags?post=566"}],"curies":[{"name":"wp","href":"https:\/\/api.w.org\/{rel}","templated":true}]}}