{"id":487,"date":"2023-01-26T19:31:36","date_gmt":"2023-01-26T18:31:36","guid":{"rendered":"https:\/\/blogcinemacentansdejeunesse.org\/centredecentre\/?p=487"},"modified":"2023-01-30T14:23:08","modified_gmt":"2023-01-30T13:23:08","slug":"paci-e-saluta","status":"publish","type":"post","link":"http:\/\/blogcinemacentansdejeunesse.org\/centredecentre\/collegetaravo\/paci-e-saluta\/","title":{"rendered":"Paci \u00e8 Saluta"},"content":{"rendered":"\n<p>Bonjour et meilleurs v\u0153ux pour cette ann\u00e9e 2023. Qu&rsquo;elle soit inspirante pour nous tous ! <\/p>\n\n\n\n<p>Vi prigemu din\u00f2 a paci \u00e8 a saluta ! Nous vous souhaitons aussi la paix et la sant\u00e9.<\/p>\n\n\n\n<p>Nous sommes la classe de 4\u00e8me du Coll\u00e8ge Paul Bungelmi du village de Petreto-Bicchisano, dans la micro-r\u00e9gion montagneuse du Taravu, en Corse.<\/p>\n\n\n\n<p>Voici quelques images de notre village, recouvert de son beau manteau blanc ! A neve h\u00e8 fallata a setimana passata, \u00e8 h\u00e0 d\u00e0 fall\u00e0 torna ! La neige est tomb\u00e9e la semaine pass\u00e9e, il est pr\u00e9vu qu&rsquo;elle tombe de nouveau !<\/p>\n\n\n\n<figure class=\"wp-block-image size-full\"><img decoding=\"async\" loading=\"lazy\" width=\"2560\" height=\"1920\" src=\"http:\/\/blogcinemacentansdejeunesse.org\/centredecentre\/wp-content\/uploads\/sites\/12\/2023\/01\/village-taravu-scaled.jpg\" alt=\"\" class=\"wp-image-490\" srcset=\"http:\/\/blogcinemacentansdejeunesse.org\/centredecentre\/wp-content\/uploads\/sites\/12\/2023\/01\/village-taravu-scaled.jpg 2560w, http:\/\/blogcinemacentansdejeunesse.org\/centredecentre\/wp-content\/uploads\/sites\/12\/2023\/01\/village-taravu-300x225.jpg 300w\" sizes=\"(max-width: 2560px) 100vw, 2560px\" \/><figcaption class=\"wp-element-caption\">Village de Petreto-Bicchisano &#8211; le b\u00e2timent orange est notre coll\u00e8ge, juste au dessus du stade<\/figcaption><\/figure>\n\n\n\n<p> <\/p>\n","protected":false},"excerpt":{"rendered":"<p>Bonjour et meilleurs v\u0153ux pour cette ann\u00e9e 2023. Qu&rsquo;elle soit inspirante pour nous tous ! Vi prigemu din\u00f2 a paci \u00e8 a saluta ! Nous vous souhaitons aussi la paix et la sant\u00e9. Nous sommes la classe de 4\u00e8me du &hellip; <a href=\"http:\/\/blogcinemacentansdejeunesse.org\/centredecentre\/collegetaravo\/paci-e-saluta\/\">Continuer la lecture <span class=\"meta-nav\">&rarr;<\/span><\/a><\/p>\n","protected":false},"author":14,"featured_media":0,"comment_status":"open","ping_status":"open","sticky":false,"template":"","format":"standard","meta":{"_coblocks_attr":"","_coblocks_dimensions":"","_coblocks_responsive_height":"","_coblocks_accordion_ie_support":""},"categories":[1,29],"tags":[],"_links":{"self":[{"href":"http:\/\/blogcinemacentansdejeunesse.org\/centredecentre\/wp-json\/wp\/v2\/posts\/487"}],"collection":[{"href":"http:\/\/blogcinemacentansdejeunesse.org\/centredecentre\/wp-json\/wp\/v2\/posts"}],"about":[{"href":"http:\/\/blogcinemacentansdejeunesse.org\/centredecentre\/wp-json\/wp\/v2\/types\/post"}],"author":[{"embeddable":true,"href":"http:\/\/blogcinemacentansdejeunesse.org\/centredecentre\/wp-json\/wp\/v2\/users\/14"}],"replies":[{"embeddable":true,"href":"http:\/\/blogcinemacentansdejeunesse.org\/centredecentre\/wp-json\/wp\/v2\/comments?post=487"}],"version-history":[{"count":2,"href":"http:\/\/blogcinemacentansdejeunesse.org\/centredecentre\/wp-json\/wp\/v2\/posts\/487\/revisions"}],"predecessor-version":[{"id":506,"href":"http:\/\/blogcinemacentansdejeunesse.org\/centredecentre\/wp-json\/wp\/v2\/posts\/487\/revisions\/506"}],"wp:attachment":[{"href":"http:\/\/blogcinemacentansdejeunesse.org\/centredecentre\/wp-json\/wp\/v2\/media?parent=487"}],"wp:term":[{"taxonomy":"category","embeddable":true,"href":"http:\/\/blogcinemacentansdejeunesse.org\/centredecentre\/wp-json\/wp\/v2\/categories?post=487"},{"taxonomy":"post_tag","embeddable":true,"href":"http:\/\/blogcinemacentansdejeunesse.org\/centredecentre\/wp-json\/wp\/v2\/tags?post=487"}],"curies":[{"name":"wp","href":"https:\/\/api.w.org\/{rel}","templated":true}]}}