{"id":442,"date":"2023-01-20T12:05:44","date_gmt":"2023-01-20T11:05:44","guid":{"rendered":"https:\/\/blogcinemacentansdejeunesse.org\/centredecentre\/?p=442"},"modified":"2023-02-03T14:10:28","modified_gmt":"2023-02-03T13:10:28","slug":"apresentacao-escola-secundaria-miguel-torga","status":"publish","type":"post","link":"http:\/\/blogcinemacentansdejeunesse.org\/centredecentre\/torga\/apresentacao-escola-secundaria-miguel-torga\/","title":{"rendered":"Apresenta\u00e7\u00e3o Escola Secund\u00e1ria Miguel Torga"},"content":{"rendered":"\n<figure class=\"wp-block-image size-large is-resized\"><img decoding=\"async\" loading=\"lazy\" src=\"https:\/\/blogcinemacentansdejeunesse.org\/centredecentre\/wp-content\/uploads\/sites\/12\/2023\/01\/20230111-CCAJ-MTorga-5a-Sessao-P1010004-1_Easy-Resize.com_-1024x683.jpg\" alt=\"\" class=\"wp-image-443\" width=\"671\" height=\"447\" srcset=\"http:\/\/blogcinemacentansdejeunesse.org\/centredecentre\/wp-content\/uploads\/sites\/12\/2023\/01\/20230111-CCAJ-MTorga-5a-Sessao-P1010004-1_Easy-Resize.com_-1024x683.jpg 1024w, http:\/\/blogcinemacentansdejeunesse.org\/centredecentre\/wp-content\/uploads\/sites\/12\/2023\/01\/20230111-CCAJ-MTorga-5a-Sessao-P1010004-1_Easy-Resize.com_-300x200.jpg 300w, http:\/\/blogcinemacentansdejeunesse.org\/centredecentre\/wp-content\/uploads\/sites\/12\/2023\/01\/20230111-CCAJ-MTorga-5a-Sessao-P1010004-1_Easy-Resize.com_-768x512.jpg 768w, http:\/\/blogcinemacentansdejeunesse.org\/centredecentre\/wp-content\/uploads\/sites\/12\/2023\/01\/20230111-CCAJ-MTorga-5a-Sessao-P1010004-1_Easy-Resize.com_-1536x1024.jpg 1536w, http:\/\/blogcinemacentansdejeunesse.org\/centredecentre\/wp-content\/uploads\/sites\/12\/2023\/01\/20230111-CCAJ-MTorga-5a-Sessao-P1010004-1_Easy-Resize.com_.jpg 2048w\" sizes=\"(max-width: 671px) 100vw, 671px\" \/><figcaption class=\"wp-element-caption\">Turma de 10\u00ba ano da Escola Secund\u00e1ria Miguel Torga<\/figcaption><\/figure>\n\n\n\n<p>Ol\u00e1! N\u00f3s somos do 10\u00ba ano de Artes Visuais da Escola Secund\u00e1ria Miguel Torga, em Lisboa, Portugal. Somos 27 estudantes e \u00e9 a nossa primeira vez a participar no Projeto Cinema, Cem Anos de Juventude.<\/p>\n\n\n\n<p><br>Em Novembro de 2022 fomos \u00e0 Cinemateca Portuguesa, no centro de Lisboa, e podemos assistir a alguns filmes realizados pelos participantes do ano passado. Conseguimos perceber o que temos de fazer com o tema escolhido para este ano.<\/p>\n\n\n\n<p><br>Mal podemos esperar para come\u00e7ar a trabalhar!<\/p>\n\n\n\n<p><\/p>\n\n\n\n<p><strong>eng.<\/strong><\/p>\n\n\n\n<p>Hi! We&rsquo;re 10th grade Visual Arts students at the Miguel Torga Secondary school in Lisbon, Portugal. We are 27 students and this is our first time participating in this project.<\/p>\n\n\n\n<p>In November of 2022 we visited the Cinemateca Portuguesa, in the centre of Lisbon, where we viewed a few of last years final projects from other schools, which helped us realize how we need to use this year&rsquo;s theme.<\/p>\n\n\n\n<p>We can hardly wait to begin working!<\/p>\n","protected":false},"excerpt":{"rendered":"<p>Ol\u00e1! N\u00f3s somos do 10\u00ba ano de Artes Visuais da Escola Secund\u00e1ria Miguel Torga, em Lisboa, Portugal. Somos 27 estudantes e \u00e9 a nossa primeira vez a participar no Projeto Cinema, Cem Anos de Juventude. Em Novembro de 2022 fomos &hellip; <a href=\"http:\/\/blogcinemacentansdejeunesse.org\/centredecentre\/torga\/apresentacao-escola-secundaria-miguel-torga\/\">Continuer la lecture <span class=\"meta-nav\">&rarr;<\/span><\/a><\/p>\n","protected":false},"author":43,"featured_media":0,"comment_status":"open","ping_status":"open","sticky":false,"template":"","format":"standard","meta":{"_coblocks_attr":"","_coblocks_dimensions":"","_coblocks_responsive_height":"","_coblocks_accordion_ie_support":""},"categories":[1,29],"tags":[],"_links":{"self":[{"href":"http:\/\/blogcinemacentansdejeunesse.org\/centredecentre\/wp-json\/wp\/v2\/posts\/442"}],"collection":[{"href":"http:\/\/blogcinemacentansdejeunesse.org\/centredecentre\/wp-json\/wp\/v2\/posts"}],"about":[{"href":"http:\/\/blogcinemacentansdejeunesse.org\/centredecentre\/wp-json\/wp\/v2\/types\/post"}],"author":[{"embeddable":true,"href":"http:\/\/blogcinemacentansdejeunesse.org\/centredecentre\/wp-json\/wp\/v2\/users\/43"}],"replies":[{"embeddable":true,"href":"http:\/\/blogcinemacentansdejeunesse.org\/centredecentre\/wp-json\/wp\/v2\/comments?post=442"}],"version-history":[{"count":2,"href":"http:\/\/blogcinemacentansdejeunesse.org\/centredecentre\/wp-json\/wp\/v2\/posts\/442\/revisions"}],"predecessor-version":[{"id":560,"href":"http:\/\/blogcinemacentansdejeunesse.org\/centredecentre\/wp-json\/wp\/v2\/posts\/442\/revisions\/560"}],"wp:attachment":[{"href":"http:\/\/blogcinemacentansdejeunesse.org\/centredecentre\/wp-json\/wp\/v2\/media?parent=442"}],"wp:term":[{"taxonomy":"category","embeddable":true,"href":"http:\/\/blogcinemacentansdejeunesse.org\/centredecentre\/wp-json\/wp\/v2\/categories?post=442"},{"taxonomy":"post_tag","embeddable":true,"href":"http:\/\/blogcinemacentansdejeunesse.org\/centredecentre\/wp-json\/wp\/v2\/tags?post=442"}],"curies":[{"name":"wp","href":"https:\/\/api.w.org\/{rel}","templated":true}]}}