{"id":379,"date":"2022-12-27T16:17:14","date_gmt":"2022-12-27T15:17:14","guid":{"rendered":"https:\/\/blogcinemacentansdejeunesse.org\/centredecentre\/?p=379"},"modified":"2023-04-19T15:41:23","modified_gmt":"2023-04-19T13:41:23","slug":"primeiros-encontros-marques-de-pombal","status":"publish","type":"post","link":"http:\/\/blogcinemacentansdejeunesse.org\/centredecentre\/pombal\/primeiros-encontros-marques-de-pombal\/","title":{"rendered":"Primeiros Encontros Marqu\u00eas de Pombal"},"content":{"rendered":"\n<figure class=\"wp-block-image size-large\"><img decoding=\"async\" loading=\"lazy\" width=\"1024\" height=\"683\" src=\"http:\/\/blogcinemacentansdejeunesse.org\/centredecentre\/wp-content\/uploads\/sites\/12\/2022\/12\/120221202-4a-Sessao-MPombal-P1010044-1024x683.jpg\" alt=\"\" class=\"wp-image-380\" srcset=\"http:\/\/blogcinemacentansdejeunesse.org\/centredecentre\/wp-content\/uploads\/sites\/12\/2022\/12\/120221202-4a-Sessao-MPombal-P1010044-1024x683.jpg 1024w, http:\/\/blogcinemacentansdejeunesse.org\/centredecentre\/wp-content\/uploads\/sites\/12\/2022\/12\/120221202-4a-Sessao-MPombal-P1010044-300x200.jpg 300w, http:\/\/blogcinemacentansdejeunesse.org\/centredecentre\/wp-content\/uploads\/sites\/12\/2022\/12\/120221202-4a-Sessao-MPombal-P1010044-768x512.jpg 768w, http:\/\/blogcinemacentansdejeunesse.org\/centredecentre\/wp-content\/uploads\/sites\/12\/2022\/12\/120221202-4a-Sessao-MPombal-P1010044-1536x1024.jpg 1536w, http:\/\/blogcinemacentansdejeunesse.org\/centredecentre\/wp-content\/uploads\/sites\/12\/2022\/12\/120221202-4a-Sessao-MPombal-P1010044.jpg 1975w\" sizes=\"(max-width: 1024px) 100vw, 1024px\" \/><figcaption class=\"wp-element-caption\"> Marqu\u00eas de Pombal<\/figcaption><\/figure>\n\n\n\n<p>\u00ab\u00a0Sou a \u00c2ngela Santos, sou do 11\u00ba turma 1 , estou a gostar bastante desta experi\u00eancia. J\u00e1 tinha experimentado mas foi na parte de tr\u00e1s das c\u00e2meras, segurar o microfone, a tirar algumas fotografias (&#8230;) O que mais gostei foi poder olhar pela c\u00e2mera em que gravamos um filme e observar como \u00e9 que a cenas s\u00e3o feitas&#8230;a ilumina\u00e7\u00e3o a quest\u00e3o do centrado, descentrado e creio que eu \u00e9 que este ano posso fazer isto. Tenho curiosidade neste papel.\u00a0\u00bb<\/p>\n\n\n\n<ul>\n<li>\u00c2ngela Santos<\/li>\n<\/ul>\n\n\n\n<figure class=\"wp-block-image size-large\"><img decoding=\"async\" loading=\"lazy\" width=\"1024\" height=\"683\" src=\"https:\/\/blogcinemacentansdejeunesse.org\/centredecentre\/wp-content\/uploads\/sites\/12\/2022\/12\/1120221202-4a-Sessao-MPombal-P1010040-1-1024x683.jpg\" alt=\"\" class=\"wp-image-383\" srcset=\"http:\/\/blogcinemacentansdejeunesse.org\/centredecentre\/wp-content\/uploads\/sites\/12\/2022\/12\/1120221202-4a-Sessao-MPombal-P1010040-1-1024x683.jpg 1024w, http:\/\/blogcinemacentansdejeunesse.org\/centredecentre\/wp-content\/uploads\/sites\/12\/2022\/12\/1120221202-4a-Sessao-MPombal-P1010040-1-300x200.jpg 300w, http:\/\/blogcinemacentansdejeunesse.org\/centredecentre\/wp-content\/uploads\/sites\/12\/2022\/12\/1120221202-4a-Sessao-MPombal-P1010040-1-768x512.jpg 768w, http:\/\/blogcinemacentansdejeunesse.org\/centredecentre\/wp-content\/uploads\/sites\/12\/2022\/12\/1120221202-4a-Sessao-MPombal-P1010040-1-1536x1024.jpg 1536w, http:\/\/blogcinemacentansdejeunesse.org\/centredecentre\/wp-content\/uploads\/sites\/12\/2022\/12\/1120221202-4a-Sessao-MPombal-P1010040-1.jpg 1975w\" sizes=\"(max-width: 1024px) 100vw, 1024px\" \/><figcaption class=\"wp-element-caption\"> Marqu\u00eas de Pombal<\/figcaption><\/figure>\n\n\n\n<p>\u00ab\u00a0Este ano gostava de experimentar filmagem, c\u00e2mara. Aprender a ver as coisas de uma outra forma, aprender a enquadrar as imagens de uma outra forma. Aprender a observar as coisas de uma outra maneira&#8230;\u00a0\u00bb<\/p>\n\n\n\n<p>\u00ab\u00a0Depois da primeira experi\u00eancia no ano passado, sinto que consigo ver as coisas (cinema) de um jeito diferente porque consigo observar o trabalho que est\u00e1 por tr\u00e1s daquilo tudo, o trabalho da pessoa que faz a anota\u00e7\u00e3o, c\u00e2mera&#8230;muito trabalho, muito trabalho&#8230;\u00a0\u00bb<\/p>\n\n\n\n<ul>\n<li>Kelsia Franscisco<\/li>\n<\/ul>\n\n\n\n<figure class=\"wp-block-image size-large\"><img decoding=\"async\" loading=\"lazy\" width=\"1024\" height=\"683\" src=\"https:\/\/blogcinemacentansdejeunesse.org\/centredecentre\/wp-content\/uploads\/sites\/12\/2022\/12\/11120221202-4a-Sessao-MPombal-P1010052-1-1024x683.jpg\" alt=\"\" class=\"wp-image-384\" srcset=\"http:\/\/blogcinemacentansdejeunesse.org\/centredecentre\/wp-content\/uploads\/sites\/12\/2022\/12\/11120221202-4a-Sessao-MPombal-P1010052-1-1024x683.jpg 1024w, http:\/\/blogcinemacentansdejeunesse.org\/centredecentre\/wp-content\/uploads\/sites\/12\/2022\/12\/11120221202-4a-Sessao-MPombal-P1010052-1-300x200.jpg 300w, http:\/\/blogcinemacentansdejeunesse.org\/centredecentre\/wp-content\/uploads\/sites\/12\/2022\/12\/11120221202-4a-Sessao-MPombal-P1010052-1-768x512.jpg 768w, http:\/\/blogcinemacentansdejeunesse.org\/centredecentre\/wp-content\/uploads\/sites\/12\/2022\/12\/11120221202-4a-Sessao-MPombal-P1010052-1-1536x1024.jpg 1536w, http:\/\/blogcinemacentansdejeunesse.org\/centredecentre\/wp-content\/uploads\/sites\/12\/2022\/12\/11120221202-4a-Sessao-MPombal-P1010052-1.jpg 1975w\" sizes=\"(max-width: 1024px) 100vw, 1024px\" \/><figcaption class=\"wp-element-caption\">Marqu\u00eas de Pombal<\/figcaption><\/figure>\n","protected":false},"excerpt":{"rendered":"<p>\u00ab\u00a0Sou a \u00c2ngela Santos, sou do 11\u00ba turma 1 , estou a gostar bastante desta experi\u00eancia. J\u00e1 tinha experimentado mas foi na parte de tr\u00e1s das c\u00e2meras, segurar o microfone, a tirar algumas fotografias (&#8230;) O que mais gostei foi &hellip; <a href=\"http:\/\/blogcinemacentansdejeunesse.org\/centredecentre\/pombal\/primeiros-encontros-marques-de-pombal\/\">Continuer la lecture <span class=\"meta-nav\">&rarr;<\/span><\/a><\/p>\n","protected":false},"author":41,"featured_media":0,"comment_status":"open","ping_status":"open","sticky":false,"template":"","format":"standard","meta":{"_coblocks_attr":"","_coblocks_dimensions":"","_coblocks_responsive_height":"","_coblocks_accordion_ie_support":""},"categories":[1,23],"tags":[],"_links":{"self":[{"href":"http:\/\/blogcinemacentansdejeunesse.org\/centredecentre\/wp-json\/wp\/v2\/posts\/379"}],"collection":[{"href":"http:\/\/blogcinemacentansdejeunesse.org\/centredecentre\/wp-json\/wp\/v2\/posts"}],"about":[{"href":"http:\/\/blogcinemacentansdejeunesse.org\/centredecentre\/wp-json\/wp\/v2\/types\/post"}],"author":[{"embeddable":true,"href":"http:\/\/blogcinemacentansdejeunesse.org\/centredecentre\/wp-json\/wp\/v2\/users\/41"}],"replies":[{"embeddable":true,"href":"http:\/\/blogcinemacentansdejeunesse.org\/centredecentre\/wp-json\/wp\/v2\/comments?post=379"}],"version-history":[{"count":1,"href":"http:\/\/blogcinemacentansdejeunesse.org\/centredecentre\/wp-json\/wp\/v2\/posts\/379\/revisions"}],"predecessor-version":[{"id":385,"href":"http:\/\/blogcinemacentansdejeunesse.org\/centredecentre\/wp-json\/wp\/v2\/posts\/379\/revisions\/385"}],"wp:attachment":[{"href":"http:\/\/blogcinemacentansdejeunesse.org\/centredecentre\/wp-json\/wp\/v2\/media?parent=379"}],"wp:term":[{"taxonomy":"category","embeddable":true,"href":"http:\/\/blogcinemacentansdejeunesse.org\/centredecentre\/wp-json\/wp\/v2\/categories?post=379"},{"taxonomy":"post_tag","embeddable":true,"href":"http:\/\/blogcinemacentansdejeunesse.org\/centredecentre\/wp-json\/wp\/v2\/tags?post=379"}],"curies":[{"name":"wp","href":"https:\/\/api.w.org\/{rel}","templated":true}]}}