{"id":299,"date":"2022-12-17T18:00:15","date_gmt":"2022-12-17T17:00:15","guid":{"rendered":"https:\/\/blogcinemacentansdejeunesse.org\/centredecentre\/?p=299"},"modified":"2022-12-17T18:01:57","modified_gmt":"2022-12-17T17:01:57","slug":"presentation-de-latelier-college-georges-brassens-paris","status":"publish","type":"post","link":"http:\/\/blogcinemacentansdejeunesse.org\/centredecentre\/brassens\/presentation-de-latelier-college-georges-brassens-paris\/","title":{"rendered":"Pr\u00e9sentation de l&rsquo;atelier  &#8211; Coll\u00e8ge Georges Brassens &#8211; Paris"},"content":{"rendered":"\n<p>Nous sommes les 5\u00e8mes Seidel, 22 \u00e9l\u00e8ves du coll\u00e8ge Georges Brassens, choisis pour le projet cin\u00e9ma cent ans de jeunesse. <\/p>\n\n\n\n<p><br>Dans cette classe, il y a 12 gar\u00e7ons et 10 filles. Nous sommes absolument ravis de participer \u00e0 ce projet. <\/p>\n\n\n\n<p>Le th\u00e8me de l&rsquo;ann\u00e9e est \u00ab&nbsp;Centr\u00e9 \/ D\u00e9centr\u00e9&nbsp;\u00bb. Un th\u00e8me certes assez flou, mais tr\u00e8s int\u00e9ressant.<\/p>\n\n\n\n<p>Nous menons ce projet avec notre professeur de math\u00e9matiques M. Sanchez et un intervenant, Florent Darmon.<\/p>\n\n\n\n<p>Nous avons \u00ab&nbsp;cin\u00e9ma&nbsp;\u00bb une semaine sur deux, le mardi pendant l&rsquo;heure de maths et l&rsquo;heure d&rsquo;histoire-g\u00e9o (merci Mme Merlaud).<\/p>\n\n\n\n<p>Nous pr\u00e9senterons notre court-m\u00e9trage une fois termin\u00e9, cet \u00e9t\u00e9, \u00e0 Frankfort.<\/p>\n\n\n\n<p>Voici quelques photos o\u00f9 nous avons essay\u00e9 de jouer avec le th\u00e8me de l&rsquo;ann\u00e9e.<\/p>\n\n\n\n<figure class=\"wp-block-image size-large\"><img decoding=\"async\" loading=\"lazy\" width=\"1024\" height=\"768\" src=\"https:\/\/blogcinemacentansdejeunesse.org\/centredecentre\/wp-content\/uploads\/sites\/12\/2022\/12\/P1007155-1024x768.jpg\" alt=\"\" class=\"wp-image-302\" srcset=\"http:\/\/blogcinemacentansdejeunesse.org\/centredecentre\/wp-content\/uploads\/sites\/12\/2022\/12\/P1007155-1024x768.jpg 1024w, http:\/\/blogcinemacentansdejeunesse.org\/centredecentre\/wp-content\/uploads\/sites\/12\/2022\/12\/P1007155-300x225.jpg 300w, http:\/\/blogcinemacentansdejeunesse.org\/centredecentre\/wp-content\/uploads\/sites\/12\/2022\/12\/P1007155-768x576.jpg 768w, http:\/\/blogcinemacentansdejeunesse.org\/centredecentre\/wp-content\/uploads\/sites\/12\/2022\/12\/P1007155.jpg 1063w\" sizes=\"(max-width: 1024px) 100vw, 1024px\" \/><\/figure>\n\n\n\n<figure class=\"wp-block-image size-large\"><img decoding=\"async\" loading=\"lazy\" width=\"1024\" height=\"768\" src=\"https:\/\/blogcinemacentansdejeunesse.org\/centredecentre\/wp-content\/uploads\/sites\/12\/2022\/12\/P1007175-1024x768.jpg\" alt=\"\" class=\"wp-image-303\" srcset=\"http:\/\/blogcinemacentansdejeunesse.org\/centredecentre\/wp-content\/uploads\/sites\/12\/2022\/12\/P1007175-1024x768.jpg 1024w, http:\/\/blogcinemacentansdejeunesse.org\/centredecentre\/wp-content\/uploads\/sites\/12\/2022\/12\/P1007175-300x225.jpg 300w, http:\/\/blogcinemacentansdejeunesse.org\/centredecentre\/wp-content\/uploads\/sites\/12\/2022\/12\/P1007175-768x576.jpg 768w, http:\/\/blogcinemacentansdejeunesse.org\/centredecentre\/wp-content\/uploads\/sites\/12\/2022\/12\/P1007175.jpg 1063w\" sizes=\"(max-width: 1024px) 100vw, 1024px\" \/><\/figure>\n\n\n\n<figure class=\"wp-block-image size-large\"><img decoding=\"async\" loading=\"lazy\" width=\"1024\" height=\"768\" src=\"https:\/\/blogcinemacentansdejeunesse.org\/centredecentre\/wp-content\/uploads\/sites\/12\/2022\/12\/P1007165-1024x768.jpg\" alt=\"\" class=\"wp-image-304\" srcset=\"http:\/\/blogcinemacentansdejeunesse.org\/centredecentre\/wp-content\/uploads\/sites\/12\/2022\/12\/P1007165-1024x768.jpg 1024w, http:\/\/blogcinemacentansdejeunesse.org\/centredecentre\/wp-content\/uploads\/sites\/12\/2022\/12\/P1007165-300x225.jpg 300w, http:\/\/blogcinemacentansdejeunesse.org\/centredecentre\/wp-content\/uploads\/sites\/12\/2022\/12\/P1007165-768x576.jpg 768w, http:\/\/blogcinemacentansdejeunesse.org\/centredecentre\/wp-content\/uploads\/sites\/12\/2022\/12\/P1007165.jpg 1063w\" sizes=\"(max-width: 1024px) 100vw, 1024px\" \/><\/figure>\n","protected":false},"excerpt":{"rendered":"<p>Nous sommes les 5\u00e8mes Seidel, 22 \u00e9l\u00e8ves du coll\u00e8ge Georges Brassens, choisis pour le projet cin\u00e9ma cent ans de jeunesse. Dans cette classe, il y a 12 gar\u00e7ons et 10 filles. Nous sommes absolument ravis de participer \u00e0 ce projet. &hellip; <a href=\"http:\/\/blogcinemacentansdejeunesse.org\/centredecentre\/brassens\/presentation-de-latelier-college-georges-brassens-paris\/\">Continuer la lecture <span class=\"meta-nav\">&rarr;<\/span><\/a><\/p>\n","protected":false},"author":5,"featured_media":0,"comment_status":"open","ping_status":"open","sticky":false,"template":"","format":"standard","meta":{"_coblocks_attr":"","_coblocks_dimensions":"","_coblocks_responsive_height":"","_coblocks_accordion_ie_support":""},"categories":[22,29],"tags":[],"_links":{"self":[{"href":"http:\/\/blogcinemacentansdejeunesse.org\/centredecentre\/wp-json\/wp\/v2\/posts\/299"}],"collection":[{"href":"http:\/\/blogcinemacentansdejeunesse.org\/centredecentre\/wp-json\/wp\/v2\/posts"}],"about":[{"href":"http:\/\/blogcinemacentansdejeunesse.org\/centredecentre\/wp-json\/wp\/v2\/types\/post"}],"author":[{"embeddable":true,"href":"http:\/\/blogcinemacentansdejeunesse.org\/centredecentre\/wp-json\/wp\/v2\/users\/5"}],"replies":[{"embeddable":true,"href":"http:\/\/blogcinemacentansdejeunesse.org\/centredecentre\/wp-json\/wp\/v2\/comments?post=299"}],"version-history":[{"count":4,"href":"http:\/\/blogcinemacentansdejeunesse.org\/centredecentre\/wp-json\/wp\/v2\/posts\/299\/revisions"}],"predecessor-version":[{"id":307,"href":"http:\/\/blogcinemacentansdejeunesse.org\/centredecentre\/wp-json\/wp\/v2\/posts\/299\/revisions\/307"}],"wp:attachment":[{"href":"http:\/\/blogcinemacentansdejeunesse.org\/centredecentre\/wp-json\/wp\/v2\/media?parent=299"}],"wp:term":[{"taxonomy":"category","embeddable":true,"href":"http:\/\/blogcinemacentansdejeunesse.org\/centredecentre\/wp-json\/wp\/v2\/categories?post=299"},{"taxonomy":"post_tag","embeddable":true,"href":"http:\/\/blogcinemacentansdejeunesse.org\/centredecentre\/wp-json\/wp\/v2\/tags?post=299"}],"curies":[{"name":"wp","href":"https:\/\/api.w.org\/{rel}","templated":true}]}}