{"id":252,"date":"2022-12-13T23:04:40","date_gmt":"2022-12-13T22:04:40","guid":{"rendered":"https:\/\/blogcinemacentansdejeunesse.org\/centredecentre\/?p=252"},"modified":"2022-12-14T18:10:58","modified_gmt":"2022-12-14T17:10:58","slug":"la-jeunesse-de-pantin-en-action","status":"publish","type":"post","link":"http:\/\/blogcinemacentansdejeunesse.org\/centredecentre\/saintexupery\/la-jeunesse-de-pantin-en-action\/","title":{"rendered":"La jeunesse de Pantin en action"},"content":{"rendered":"\n<p>C&rsquo;est parti pour l&rsquo;aventure cin\u00e9matographique de la classe CM1\/CM2B de l&rsquo;\u00e9cole Saint-Exup\u00e9ry \u00e0 Pantin (dans le 93 au Nord Est de Paris) compos\u00e9e de 22 \u00e9l\u00e8ves tr\u00e8s m\u00e9lang\u00e9s culturellement. <\/p>\n\n\n\n<p>Les groupes de travail ont \u00e9t\u00e9 faits \u00e0 partir du choix d&rsquo;image de chaque \u00e9l\u00e8ve pour le premier exercice. Voici, par exemple, un groupe de travail compos\u00e9 de Wided, Manon, Noah, Ayen, Mariam et Ilyan.<\/p>\n\n\n\n<figure class=\"is-layout-flex wp-block-gallery-1 wp-block-gallery has-nested-images columns-default is-cropped\">\n<figure class=\"wp-block-image size-large\"><img decoding=\"async\" loading=\"lazy\" width=\"1024\" height=\"768\" data-id=\"262\"  src=\"https:\/\/blogcinemacentansdejeunesse.org\/centredecentre\/wp-content\/uploads\/sites\/12\/2022\/12\/Wided-Noah-Mariam-Ayen-ilyan-Manon-2.jpg\" alt=\"\" class=\"wp-image-262\" srcset=\"http:\/\/blogcinemacentansdejeunesse.org\/centredecentre\/wp-content\/uploads\/sites\/12\/2022\/12\/Wided-Noah-Mariam-Ayen-ilyan-Manon-2.jpg 1024w, http:\/\/blogcinemacentansdejeunesse.org\/centredecentre\/wp-content\/uploads\/sites\/12\/2022\/12\/Wided-Noah-Mariam-Ayen-ilyan-Manon-2-300x225.jpg 300w, http:\/\/blogcinemacentansdejeunesse.org\/centredecentre\/wp-content\/uploads\/sites\/12\/2022\/12\/Wided-Noah-Mariam-Ayen-ilyan-Manon-2-768x576.jpg 768w\" sizes=\"(max-width: 1024px) 100vw, 1024px\" \/><\/figure>\n<\/figure>\n\n\n\n<p>Le premier exercice a permis de comprendre le fonctionnement d&rsquo;une cam\u00e9ra, les r\u00e9glages de la lumi\u00e8re, le zoom, le mouvement de la cam\u00e9ra etc &#8230;<\/p>\n\n\n\n<figure class=\"is-layout-flex wp-block-gallery-3 wp-block-gallery has-nested-images columns-default is-cropped\">\n<figure class=\"wp-block-image size-large\"><img decoding=\"async\" loading=\"lazy\" width=\"640\" height=\"480\" data-id=\"278\"  src=\"https:\/\/blogcinemacentansdejeunesse.org\/centredecentre\/wp-content\/uploads\/sites\/12\/2022\/12\/cameralehyan-1.jpg\" alt=\"\" class=\"wp-image-278\" srcset=\"http:\/\/blogcinemacentansdejeunesse.org\/centredecentre\/wp-content\/uploads\/sites\/12\/2022\/12\/cameralehyan-1.jpg 640w, http:\/\/blogcinemacentansdejeunesse.org\/centredecentre\/wp-content\/uploads\/sites\/12\/2022\/12\/cameralehyan-1-300x225.jpg 300w\" sizes=\"(max-width: 640px) 100vw, 640px\" \/><\/figure>\n<\/figure>\n\n\n\n<p>Mais aussi il faut savoir choisir le cadrage de tel ou tel d\u00e9tail d&rsquo;une image (peinture ou photographie) comme sur la photo ci-dessous o\u00f9 Laurence, la r\u00e9alisatrice, montre un exemple de cadrage.<\/p>\n\n\n\n<figure class=\"is-layout-flex wp-block-gallery-5 wp-block-gallery has-nested-images columns-default is-cropped\">\n<figure class=\"wp-block-image size-large\"><img decoding=\"async\" loading=\"lazy\" width=\"1024\" height=\"768\" data-id=\"263\"  src=\"https:\/\/blogcinemacentansdejeunesse.org\/centredecentre\/wp-content\/uploads\/sites\/12\/2022\/12\/cadrage-2-1024x768.jpg\" alt=\"\" class=\"wp-image-263\" srcset=\"http:\/\/blogcinemacentansdejeunesse.org\/centredecentre\/wp-content\/uploads\/sites\/12\/2022\/12\/cadrage-2-1024x768.jpg 1024w, http:\/\/blogcinemacentansdejeunesse.org\/centredecentre\/wp-content\/uploads\/sites\/12\/2022\/12\/cadrage-2-300x225.jpg 300w, http:\/\/blogcinemacentansdejeunesse.org\/centredecentre\/wp-content\/uploads\/sites\/12\/2022\/12\/cadrage-2-768x576.jpg 768w, http:\/\/blogcinemacentansdejeunesse.org\/centredecentre\/wp-content\/uploads\/sites\/12\/2022\/12\/cadrage-2-1536x1152.jpg 1536w, http:\/\/blogcinemacentansdejeunesse.org\/centredecentre\/wp-content\/uploads\/sites\/12\/2022\/12\/cadrage-2.jpg 1600w\" sizes=\"(max-width: 1024px) 100vw, 1024px\" \/><\/figure>\n<\/figure>\n\n\n\n<p>Puis, apr\u00e8s avoir \u00e9crit ensemble le commentaire pour la voix off, il faut s&rsquo;enregistrer, s&rsquo;\u00e9couter etc &#8230; <\/p>\n\n\n\n<p>Ici, Cyrielle et Adam \u00e9coutent les instructions de Julia, membre de l&rsquo;association \u00ab\u00a0Cin\u00e9ma , cent ans de jeunesse\u00a0\u00bb<\/p>\n\n\n\n<figure class=\"is-layout-flex wp-block-gallery-7 wp-block-gallery has-nested-images columns-default is-cropped\">\n<figure class=\"wp-block-image size-large\"><img decoding=\"async\" loading=\"lazy\" width=\"1024\" height=\"768\" data-id=\"261\"  src=\"https:\/\/blogcinemacentansdejeunesse.org\/centredecentre\/wp-content\/uploads\/sites\/12\/2022\/12\/enregistrement-voix-Cyrielle-Adam-1-1024x768.jpg\" alt=\"\" class=\"wp-image-261\" srcset=\"http:\/\/blogcinemacentansdejeunesse.org\/centredecentre\/wp-content\/uploads\/sites\/12\/2022\/12\/enregistrement-voix-Cyrielle-Adam-1-1024x768.jpg 1024w, http:\/\/blogcinemacentansdejeunesse.org\/centredecentre\/wp-content\/uploads\/sites\/12\/2022\/12\/enregistrement-voix-Cyrielle-Adam-1-300x225.jpg 300w, http:\/\/blogcinemacentansdejeunesse.org\/centredecentre\/wp-content\/uploads\/sites\/12\/2022\/12\/enregistrement-voix-Cyrielle-Adam-1-768x576.jpg 768w, http:\/\/blogcinemacentansdejeunesse.org\/centredecentre\/wp-content\/uploads\/sites\/12\/2022\/12\/enregistrement-voix-Cyrielle-Adam-1-1536x1152.jpg 1536w, http:\/\/blogcinemacentansdejeunesse.org\/centredecentre\/wp-content\/uploads\/sites\/12\/2022\/12\/enregistrement-voix-Cyrielle-Adam-1.jpg 1600w\" sizes=\"(max-width: 1024px) 100vw, 1024px\" \/><\/figure>\n<\/figure>\n\n\n\n<p>Mansurya enregistre la voix de Dylan :<\/p>\n\n\n\n<figure class=\"is-layout-flex wp-block-gallery-9 wp-block-gallery has-nested-images columns-default is-cropped\">\n<figure class=\"wp-block-image size-large\"><img decoding=\"async\" loading=\"lazy\" width=\"640\" height=\"480\" data-id=\"274\"  src=\"https:\/\/blogcinemacentansdejeunesse.org\/centredecentre\/wp-content\/uploads\/sites\/12\/2022\/12\/mansuryadylan.jpg\" alt=\"\" class=\"wp-image-274\" srcset=\"http:\/\/blogcinemacentansdejeunesse.org\/centredecentre\/wp-content\/uploads\/sites\/12\/2022\/12\/mansuryadylan.jpg 640w, http:\/\/blogcinemacentansdejeunesse.org\/centredecentre\/wp-content\/uploads\/sites\/12\/2022\/12\/mansuryadylan-300x225.jpg 300w\" sizes=\"(max-width: 640px) 100vw, 640px\" \/><\/figure>\n<\/figure>\n\n\n\n<p>Voici un autre groupe de travail compos\u00e9 par Eden Alice, Milo, Rachel et Marc apr\u00e8s l&rsquo;\u00e9coute de leur premier enregistrement. Ils sont ravis de leur travail !<\/p>\n\n\n\n<figure class=\"is-layout-flex wp-block-gallery-11 wp-block-gallery has-nested-images columns-default is-cropped\">\n<figure class=\"wp-block-image size-full\"><img decoding=\"async\" loading=\"lazy\" width=\"1024\" height=\"768\" data-id=\"247\"  src=\"http:\/\/blogcinemacentansdejeunesse.org\/centredecentre\/wp-content\/uploads\/sites\/12\/2022\/12\/Eden-Alice-Rachel-Marc-Milo.jpg\" alt=\"\" class=\"wp-image-247\" srcset=\"http:\/\/blogcinemacentansdejeunesse.org\/centredecentre\/wp-content\/uploads\/sites\/12\/2022\/12\/Eden-Alice-Rachel-Marc-Milo.jpg 1024w, http:\/\/blogcinemacentansdejeunesse.org\/centredecentre\/wp-content\/uploads\/sites\/12\/2022\/12\/Eden-Alice-Rachel-Marc-Milo-300x225.jpg 300w, http:\/\/blogcinemacentansdejeunesse.org\/centredecentre\/wp-content\/uploads\/sites\/12\/2022\/12\/Eden-Alice-Rachel-Marc-Milo-768x576.jpg 768w\" sizes=\"(max-width: 1024px) 100vw, 1024px\" \/><\/figure>\n<\/figure>\n\n\n\n<p>Les \u00e9l\u00e8ves ont pu entendre les enregistrements et les explications sur le fonctionnement d&rsquo;une table de montage.<\/p>\n\n\n\n<p>Voici un exemple de couverture pour le cahier \u00ab\u00a0Cin\u00e9ma , cent ans de jeunesse\u00a0\u00bb r\u00e9alis\u00e9 par Eloise.<\/p>\n\n\n\n<figure class=\"is-layout-flex wp-block-gallery-13 wp-block-gallery has-nested-images columns-default is-cropped\">\n<figure class=\"wp-block-image size-large\"><img decoding=\"async\" loading=\"lazy\" width=\"1024\" height=\"724\" data-id=\"246\"  src=\"http:\/\/blogcinemacentansdejeunesse.org\/centredecentre\/wp-content\/uploads\/sites\/12\/2022\/12\/couveloise-1024x724.jpg\" alt=\"\" class=\"wp-image-246\" srcset=\"http:\/\/blogcinemacentansdejeunesse.org\/centredecentre\/wp-content\/uploads\/sites\/12\/2022\/12\/couveloise-1024x724.jpg 1024w, http:\/\/blogcinemacentansdejeunesse.org\/centredecentre\/wp-content\/uploads\/sites\/12\/2022\/12\/couveloise-300x212.jpg 300w, http:\/\/blogcinemacentansdejeunesse.org\/centredecentre\/wp-content\/uploads\/sites\/12\/2022\/12\/couveloise-768x543.jpg 768w, http:\/\/blogcinemacentansdejeunesse.org\/centredecentre\/wp-content\/uploads\/sites\/12\/2022\/12\/couveloise-1536x1086.jpg 1536w, http:\/\/blogcinemacentansdejeunesse.org\/centredecentre\/wp-content\/uploads\/sites\/12\/2022\/12\/couveloise.jpg 2014w\" sizes=\"(max-width: 1024px) 100vw, 1024px\" \/><\/figure>\n<\/figure>\n\n\n\n<p>Ils ont \u00e9crit leur r\u00e9flexion apr\u00e8s avoir vu au cin\u00e9 104 \u00e0 Pantin \u00ab\u00a0Billy Elliot\u00a0\u00bb dans le cadre d&rsquo;un autre projet \u00ab\u00a0\u00e9cole et cin\u00e9ma\u00a0\u00bb. Ici, une phrase de Lehyan :<\/p>\n\n\n\n<figure class=\"is-layout-flex wp-block-gallery-15 wp-block-gallery has-nested-images columns-default is-cropped\">\n<figure class=\"wp-block-image size-large\"><img decoding=\"async\" loading=\"lazy\" width=\"1024\" height=\"660\" data-id=\"265\"  src=\"https:\/\/blogcinemacentansdejeunesse.org\/centredecentre\/wp-content\/uploads\/sites\/12\/2022\/12\/reflexion-puzzle-1024x660.jpg\" alt=\"\" class=\"wp-image-265\" srcset=\"http:\/\/blogcinemacentansdejeunesse.org\/centredecentre\/wp-content\/uploads\/sites\/12\/2022\/12\/reflexion-puzzle-1024x660.jpg 1024w, http:\/\/blogcinemacentansdejeunesse.org\/centredecentre\/wp-content\/uploads\/sites\/12\/2022\/12\/reflexion-puzzle-300x193.jpg 300w, http:\/\/blogcinemacentansdejeunesse.org\/centredecentre\/wp-content\/uploads\/sites\/12\/2022\/12\/reflexion-puzzle-768x495.jpg 768w, http:\/\/blogcinemacentansdejeunesse.org\/centredecentre\/wp-content\/uploads\/sites\/12\/2022\/12\/reflexion-puzzle-1536x990.jpg 1536w, http:\/\/blogcinemacentansdejeunesse.org\/centredecentre\/wp-content\/uploads\/sites\/12\/2022\/12\/reflexion-puzzle-2048x1320.jpg 2048w\" sizes=\"(max-width: 1024px) 100vw, 1024px\" \/><\/figure>\n<\/figure>\n\n\n\n<p>Des premiers essais de mise en sc\u00e8ne et surtour le choix de la position de la cam\u00e9ra (champ \/ contre champ) avec Hadrien et Ambrine. <\/p>\n\n\n\n<p>Adam tient l&rsquo;\u00e9ponge qui fait office de cam\u00e9ra pour savoir se placer et filmer correctement.<\/p>\n\n\n\n<figure class=\"is-layout-flex wp-block-gallery-17 wp-block-gallery has-nested-images columns-default is-cropped\">\n<figure class=\"wp-block-image size-large\"><img decoding=\"async\" loading=\"lazy\" width=\"320\" height=\"240\" data-id=\"266\"  src=\"https:\/\/blogcinemacentansdejeunesse.org\/centredecentre\/wp-content\/uploads\/sites\/12\/2022\/12\/misenscene2.jpg\" alt=\"\" class=\"wp-image-266\" srcset=\"http:\/\/blogcinemacentansdejeunesse.org\/centredecentre\/wp-content\/uploads\/sites\/12\/2022\/12\/misenscene2.jpg 320w, http:\/\/blogcinemacentansdejeunesse.org\/centredecentre\/wp-content\/uploads\/sites\/12\/2022\/12\/misenscene2-300x225.jpg 300w\" sizes=\"(max-width: 320px) 100vw, 320px\" \/><\/figure>\n<\/figure>\n\n\n\n<p>Les enfants doivent continuer leurs r\u00e9flexions, de constuire une s\u00e9quence.<\/p>\n\n\n\n<p>Ce sera leurs devoirs pendant les vacances de No\u00ebl&nbsp;!<\/p>\n","protected":false},"excerpt":{"rendered":"<p>C&rsquo;est parti pour l&rsquo;aventure cin\u00e9matographique de la classe CM1\/CM2B de l&rsquo;\u00e9cole Saint-Exup\u00e9ry \u00e0 Pantin (dans le 93 au Nord Est de Paris) compos\u00e9e de 22 \u00e9l\u00e8ves tr\u00e8s m\u00e9lang\u00e9s culturellement. Les groupes de travail ont \u00e9t\u00e9 faits \u00e0 partir du choix &hellip; <a href=\"http:\/\/blogcinemacentansdejeunesse.org\/centredecentre\/saintexupery\/la-jeunesse-de-pantin-en-action\/\">Continuer la lecture <span class=\"meta-nav\">&rarr;<\/span><\/a><\/p>\n","protected":false},"author":28,"featured_media":0,"comment_status":"open","ping_status":"open","sticky":false,"template":"","format":"standard","meta":{"_coblocks_attr":"","_coblocks_dimensions":"","_coblocks_responsive_height":"","_coblocks_accordion_ie_support":""},"categories":[1],"tags":[],"_links":{"self":[{"href":"http:\/\/blogcinemacentansdejeunesse.org\/centredecentre\/wp-json\/wp\/v2\/posts\/252"}],"collection":[{"href":"http:\/\/blogcinemacentansdejeunesse.org\/centredecentre\/wp-json\/wp\/v2\/posts"}],"about":[{"href":"http:\/\/blogcinemacentansdejeunesse.org\/centredecentre\/wp-json\/wp\/v2\/types\/post"}],"author":[{"embeddable":true,"href":"http:\/\/blogcinemacentansdejeunesse.org\/centredecentre\/wp-json\/wp\/v2\/users\/28"}],"replies":[{"embeddable":true,"href":"http:\/\/blogcinemacentansdejeunesse.org\/centredecentre\/wp-json\/wp\/v2\/comments?post=252"}],"version-history":[{"count":17,"href":"http:\/\/blogcinemacentansdejeunesse.org\/centredecentre\/wp-json\/wp\/v2\/posts\/252\/revisions"}],"predecessor-version":[{"id":290,"href":"http:\/\/blogcinemacentansdejeunesse.org\/centredecentre\/wp-json\/wp\/v2\/posts\/252\/revisions\/290"}],"wp:attachment":[{"href":"http:\/\/blogcinemacentansdejeunesse.org\/centredecentre\/wp-json\/wp\/v2\/media?parent=252"}],"wp:term":[{"taxonomy":"category","embeddable":true,"href":"http:\/\/blogcinemacentansdejeunesse.org\/centredecentre\/wp-json\/wp\/v2\/categories?post=252"},{"taxonomy":"post_tag","embeddable":true,"href":"http:\/\/blogcinemacentansdejeunesse.org\/centredecentre\/wp-json\/wp\/v2\/tags?post=252"}],"curies":[{"name":"wp","href":"https:\/\/api.w.org\/{rel}","templated":true}]}}