{"id":1577,"date":"2023-07-31T16:25:41","date_gmt":"2023-07-31T14:25:41","guid":{"rendered":"https:\/\/blogcinemacentansdejeunesse.org\/centredecentre\/?p=1577"},"modified":"2023-07-31T16:28:25","modified_gmt":"2023-07-31T14:28:25","slug":"editing-our-film-essay-igs-herder-frankfurt","status":"publish","type":"post","link":"http:\/\/blogcinemacentansdejeunesse.org\/centredecentre\/herder\/editing-our-film-essay-igs-herder-frankfurt\/","title":{"rendered":"Editing our film essay &#8211; IGS Herder, Frankfurt"},"content":{"rendered":"\n<p>April 25, 2023<\/p>\n\n\n\n<p>Together with the filmmaker Adrian Oeser we are deciding which shot is the most suitable and at which point exactly one shot should end and the next one begin.<br>Some of us are currently full of motivation producing the music and working with the app GarageBand. Now only a few small things are missing to finish the music. We are curious to see which piece will be used in the film.<br>Most of us are editing the film.<br>We are hopeful that we will finish the film this week.<br>&#8212;&#8212;&#8212;&#8212;&#8212;&#8212;<br><em>Avec le r\u00e9alisateur Adrian Oeser, nous d\u00e9cidons quel plan est le plus appropri\u00e9 et \u00e0 quel endroit pr\u00e9cis un plan doit se terminer et le suivant commencer.<br>Certains d&rsquo;entre nous sont en train de produire la musique avec motivation et travaillent avec l&rsquo;application GarageBand. Il ne manque plus que quelques petites choses pour finaliser la musique. Nous sommes impatients de savoir quel morceau sera utilis\u00e9 dans le film.<br>La plupart d&rsquo;entre nous sont en train de monter le film.<br>Nous avons bon espoir de terminer le film cette semaine.<\/em><\/p>\n\n\n\n<figure class=\"wp-block-image size-large\"><img decoding=\"async\" loading=\"lazy\" width=\"1024\" height=\"702\" src=\"http:\/\/blogcinemacentansdejeunesse.org\/centredecentre\/wp-content\/uploads\/sites\/12\/2023\/07\/IMG_2260-1-1024x702.jpg\" alt=\"\" class=\"wp-image-1581\" srcset=\"http:\/\/blogcinemacentansdejeunesse.org\/centredecentre\/wp-content\/uploads\/sites\/12\/2023\/07\/IMG_2260-1-1024x702.jpg 1024w, http:\/\/blogcinemacentansdejeunesse.org\/centredecentre\/wp-content\/uploads\/sites\/12\/2023\/07\/IMG_2260-1-300x206.jpg 300w, http:\/\/blogcinemacentansdejeunesse.org\/centredecentre\/wp-content\/uploads\/sites\/12\/2023\/07\/IMG_2260-1-768x527.jpg 768w, http:\/\/blogcinemacentansdejeunesse.org\/centredecentre\/wp-content\/uploads\/sites\/12\/2023\/07\/IMG_2260-1-1536x1053.jpg 1536w, http:\/\/blogcinemacentansdejeunesse.org\/centredecentre\/wp-content\/uploads\/sites\/12\/2023\/07\/IMG_2260-1-2048x1404.jpg 2048w\" sizes=\"(max-width: 1024px) 100vw, 1024px\" \/><\/figure>\n","protected":false},"excerpt":{"rendered":"<p>April 25, 2023 Together with the filmmaker Adrian Oeser we are deciding which shot is the most suitable and at which point exactly one shot should end and the next one begin.Some of us are currently full of motivation producing &hellip; <a href=\"http:\/\/blogcinemacentansdejeunesse.org\/centredecentre\/herder\/editing-our-film-essay-igs-herder-frankfurt\/\">Continuer la lecture <span class=\"meta-nav\">&rarr;<\/span><\/a><\/p>\n","protected":false},"author":7,"featured_media":0,"comment_status":"open","ping_status":"open","sticky":false,"template":"","format":"gallery","meta":{"_coblocks_attr":"","_coblocks_dimensions":"","_coblocks_responsive_height":"","_coblocks_accordion_ie_support":""},"categories":[28],"tags":[],"_links":{"self":[{"href":"http:\/\/blogcinemacentansdejeunesse.org\/centredecentre\/wp-json\/wp\/v2\/posts\/1577"}],"collection":[{"href":"http:\/\/blogcinemacentansdejeunesse.org\/centredecentre\/wp-json\/wp\/v2\/posts"}],"about":[{"href":"http:\/\/blogcinemacentansdejeunesse.org\/centredecentre\/wp-json\/wp\/v2\/types\/post"}],"author":[{"embeddable":true,"href":"http:\/\/blogcinemacentansdejeunesse.org\/centredecentre\/wp-json\/wp\/v2\/users\/7"}],"replies":[{"embeddable":true,"href":"http:\/\/blogcinemacentansdejeunesse.org\/centredecentre\/wp-json\/wp\/v2\/comments?post=1577"}],"version-history":[{"count":2,"href":"http:\/\/blogcinemacentansdejeunesse.org\/centredecentre\/wp-json\/wp\/v2\/posts\/1577\/revisions"}],"predecessor-version":[{"id":1582,"href":"http:\/\/blogcinemacentansdejeunesse.org\/centredecentre\/wp-json\/wp\/v2\/posts\/1577\/revisions\/1582"}],"wp:attachment":[{"href":"http:\/\/blogcinemacentansdejeunesse.org\/centredecentre\/wp-json\/wp\/v2\/media?parent=1577"}],"wp:term":[{"taxonomy":"category","embeddable":true,"href":"http:\/\/blogcinemacentansdejeunesse.org\/centredecentre\/wp-json\/wp\/v2\/categories?post=1577"},{"taxonomy":"post_tag","embeddable":true,"href":"http:\/\/blogcinemacentansdejeunesse.org\/centredecentre\/wp-json\/wp\/v2\/tags?post=1577"}],"curies":[{"name":"wp","href":"https:\/\/api.w.org\/{rel}","templated":true}]}}