{"id":1494,"date":"2023-06-09T11:22:19","date_gmt":"2023-06-09T09:22:19","guid":{"rendered":"https:\/\/blogcinemacentansdejeunesse.org\/centredecentre\/?p=1494"},"modified":"2023-06-09T11:25:39","modified_gmt":"2023-06-09T09:25:39","slug":"nos-soutiens","status":"publish","type":"post","link":"http:\/\/blogcinemacentansdejeunesse.org\/centredecentre\/champollion\/nos-soutiens\/","title":{"rendered":"Nos soutiens"},"content":{"rendered":"\n<p>Notre projet a \u00e9t\u00e9 soutenu par l&rsquo;Acad\u00e9mie de Grenoble, la R\u00e9gion Auvergne Rh\u00f4ne-Alpes, ainsi que la ville de Grenoble. Un grand merci aussi \u00e0 l&rsquo;OFAJ pour avoir pu fiancer en partie notre d\u00e9placement \u00e0 Francfort. <\/p>\n\n\n\n<p>Un grand merci \u00e0 notre partenaire culturel MON CINE et \u00e0 notre partenaire artistique CINEX. <\/p>\n\n\n\n<figure class=\"wp-block-image size-large\"><img decoding=\"async\" loading=\"lazy\" width=\"1024\" height=\"611\" src=\"https:\/\/blogcinemacentansdejeunesse.org\/centredecentre\/wp-content\/uploads\/sites\/12\/2023\/06\/Capture-decran-2023-06-08-a-14.59.58-1024x611.png\" alt=\"\" class=\"wp-image-1495\" srcset=\"http:\/\/blogcinemacentansdejeunesse.org\/centredecentre\/wp-content\/uploads\/sites\/12\/2023\/06\/Capture-decran-2023-06-08-a-14.59.58-1024x611.png 1024w, http:\/\/blogcinemacentansdejeunesse.org\/centredecentre\/wp-content\/uploads\/sites\/12\/2023\/06\/Capture-decran-2023-06-08-a-14.59.58-300x179.png 300w, http:\/\/blogcinemacentansdejeunesse.org\/centredecentre\/wp-content\/uploads\/sites\/12\/2023\/06\/Capture-decran-2023-06-08-a-14.59.58-768x458.png 768w, http:\/\/blogcinemacentansdejeunesse.org\/centredecentre\/wp-content\/uploads\/sites\/12\/2023\/06\/Capture-decran-2023-06-08-a-14.59.58-1536x916.png 1536w, http:\/\/blogcinemacentansdejeunesse.org\/centredecentre\/wp-content\/uploads\/sites\/12\/2023\/06\/Capture-decran-2023-06-08-a-14.59.58.png 1660w\" sizes=\"(max-width: 1024px) 100vw, 1024px\" \/><\/figure>\n","protected":false},"excerpt":{"rendered":"<p>Notre projet a \u00e9t\u00e9 soutenu par l&rsquo;Acad\u00e9mie de Grenoble, la R\u00e9gion Auvergne Rh\u00f4ne-Alpes, ainsi que la ville de Grenoble. Un grand merci aussi \u00e0 l&rsquo;OFAJ pour avoir pu fiancer en partie notre d\u00e9placement \u00e0 Francfort. Un grand merci \u00e0 notre &hellip; <a href=\"http:\/\/blogcinemacentansdejeunesse.org\/centredecentre\/champollion\/nos-soutiens\/\">Continuer la lecture <span class=\"meta-nav\">&rarr;<\/span><\/a><\/p>\n","protected":false},"author":38,"featured_media":0,"comment_status":"open","ping_status":"open","sticky":false,"template":"","format":"standard","meta":{"_coblocks_attr":"","_coblocks_dimensions":"","_coblocks_responsive_height":"","_coblocks_accordion_ie_support":""},"categories":[1],"tags":[],"_links":{"self":[{"href":"http:\/\/blogcinemacentansdejeunesse.org\/centredecentre\/wp-json\/wp\/v2\/posts\/1494"}],"collection":[{"href":"http:\/\/blogcinemacentansdejeunesse.org\/centredecentre\/wp-json\/wp\/v2\/posts"}],"about":[{"href":"http:\/\/blogcinemacentansdejeunesse.org\/centredecentre\/wp-json\/wp\/v2\/types\/post"}],"author":[{"embeddable":true,"href":"http:\/\/blogcinemacentansdejeunesse.org\/centredecentre\/wp-json\/wp\/v2\/users\/38"}],"replies":[{"embeddable":true,"href":"http:\/\/blogcinemacentansdejeunesse.org\/centredecentre\/wp-json\/wp\/v2\/comments?post=1494"}],"version-history":[{"count":3,"href":"http:\/\/blogcinemacentansdejeunesse.org\/centredecentre\/wp-json\/wp\/v2\/posts\/1494\/revisions"}],"predecessor-version":[{"id":1498,"href":"http:\/\/blogcinemacentansdejeunesse.org\/centredecentre\/wp-json\/wp\/v2\/posts\/1494\/revisions\/1498"}],"wp:attachment":[{"href":"http:\/\/blogcinemacentansdejeunesse.org\/centredecentre\/wp-json\/wp\/v2\/media?parent=1494"}],"wp:term":[{"taxonomy":"category","embeddable":true,"href":"http:\/\/blogcinemacentansdejeunesse.org\/centredecentre\/wp-json\/wp\/v2\/categories?post=1494"},{"taxonomy":"post_tag","embeddable":true,"href":"http:\/\/blogcinemacentansdejeunesse.org\/centredecentre\/wp-json\/wp\/v2\/tags?post=1494"}],"curies":[{"name":"wp","href":"https:\/\/api.w.org\/{rel}","templated":true}]}}