{"id":1418,"date":"2023-05-03T00:35:18","date_gmt":"2023-05-02T22:35:18","guid":{"rendered":"https:\/\/blogcinemacentansdejeunesse.org\/centredecentre\/?p=1418"},"modified":"2023-09-04T12:04:38","modified_gmt":"2023-09-04T10:04:38","slug":"tournage-du-film-essai-volet-2-artistique","status":"publish","type":"post","link":"http:\/\/blogcinemacentansdejeunesse.org\/centredecentre\/saintexupery\/tournage-du-film-essai-volet-2-artistique\/","title":{"rendered":"Tournage du film essai : volet 2 \u00ab\u00a0artistique et sportif\u00a0\u00bb"},"content":{"rendered":"\n<p><\/p>\n\n\n\n<p>La classe a voulu filmer des oeuvres de street art \u00e0 <strong>l&rsquo;ilot 27 <\/strong>et le parvis illustr\u00e9 du <strong>parc de la Villette<\/strong> mais aussi inviter des musiciens (le saxophoniste Xavier Sibre et la chanteuse guitariste Ma San\u00e9) sur le tournage pour les int\u00e9grer au film essai \u00ab\u00a0<em>centr\u00e9 \/ d\u00e9centr\u00e9<\/em>\u00ab\u00a0. <\/p>\n\n\n<div class=\"wp-block-image\">\n<figure class=\"aligncenter size-large is-resized\"><img decoding=\"async\" loading=\"lazy\" src=\"https:\/\/blogcinemacentansdejeunesse.org\/centredecentre\/wp-content\/uploads\/sites\/12\/2023\/05\/passageilot27-1-1024x654.jpg\" alt=\"\" class=\"wp-image-1419\" width=\"661\" height=\"421\" srcset=\"http:\/\/blogcinemacentansdejeunesse.org\/centredecentre\/wp-content\/uploads\/sites\/12\/2023\/05\/passageilot27-1-1024x654.jpg 1024w, http:\/\/blogcinemacentansdejeunesse.org\/centredecentre\/wp-content\/uploads\/sites\/12\/2023\/05\/passageilot27-1-300x192.jpg 300w, http:\/\/blogcinemacentansdejeunesse.org\/centredecentre\/wp-content\/uploads\/sites\/12\/2023\/05\/passageilot27-1.jpg 1471w\" sizes=\"(max-width: 661px) 100vw, 661px\" \/><figcaption class=\"wp-element-caption\">Les trois amies f\u00e2ch\u00e9es sur une fresque en noir et blanc \u00e0 l&rsquo;<strong>ilot 27 <\/strong>\u00e0 Pantin <br>avec deux \u00e9l\u00e8ves danseurs situ\u00e9s au niveau du portail pr\u00eats \u00e0 intervenir.<\/figcaption><\/figure><\/div>\n\n<div class=\"wp-block-image\">\n<figure class=\"aligncenter size-large is-resized\"><img decoding=\"async\" loading=\"lazy\" src=\"https:\/\/blogcinemacentansdejeunesse.org\/centredecentre\/wp-content\/uploads\/sites\/12\/2023\/05\/scenepehichemusicien-1-768x1024.jpg\" alt=\"\" class=\"wp-image-1421\" width=\"582\" height=\"776\" srcset=\"http:\/\/blogcinemacentansdejeunesse.org\/centredecentre\/wp-content\/uploads\/sites\/12\/2023\/05\/scenepehichemusicien-1-768x1024.jpg 768w, http:\/\/blogcinemacentansdejeunesse.org\/centredecentre\/wp-content\/uploads\/sites\/12\/2023\/05\/scenepehichemusicien-1-225x300.jpg 225w, http:\/\/blogcinemacentansdejeunesse.org\/centredecentre\/wp-content\/uploads\/sites\/12\/2023\/05\/scenepehichemusicien-1-1152x1536.jpg 1152w, http:\/\/blogcinemacentansdejeunesse.org\/centredecentre\/wp-content\/uploads\/sites\/12\/2023\/05\/scenepehichemusicien-1-rotated.jpg 1512w\" sizes=\"(max-width: 582px) 100vw, 582px\" \/><figcaption class=\"wp-element-caption\">La classe a eu la chance de pouvoir filmer <strong>Xavier Sibre<\/strong> le saxophoniste et parent d&rsquo;\u00e9l\u00e8ve de l&rsquo;\u00e9cole.<br>Elle a choisi la <strong>p\u00e9niche Metaxu<\/strong>, un espace culturel \u00e0 Pantin,<br> comme lieu de rencontre entre le musicien et les 3 amies au d\u00e9but du film.<\/figcaption><\/figure><\/div>\n\n\n<p><\/p>\n\n\n<div class=\"wp-block-image\">\n<figure class=\"aligncenter size-large is-resized\"><img decoding=\"async\" loading=\"lazy\" src=\"https:\/\/blogcinemacentansdejeunesse.org\/centredecentre\/wp-content\/uploads\/sites\/12\/2023\/05\/mediatrices-1-1024x768.jpg\" alt=\"\" class=\"wp-image-1423\" width=\"635\" height=\"476\" srcset=\"http:\/\/blogcinemacentansdejeunesse.org\/centredecentre\/wp-content\/uploads\/sites\/12\/2023\/05\/mediatrices-1-1024x768.jpg 1024w, http:\/\/blogcinemacentansdejeunesse.org\/centredecentre\/wp-content\/uploads\/sites\/12\/2023\/05\/mediatrices-1-300x225.jpg 300w, http:\/\/blogcinemacentansdejeunesse.org\/centredecentre\/wp-content\/uploads\/sites\/12\/2023\/05\/mediatrices-1-768x576.jpg 768w, http:\/\/blogcinemacentansdejeunesse.org\/centredecentre\/wp-content\/uploads\/sites\/12\/2023\/05\/mediatrices-1-1536x1152.jpg 1536w, http:\/\/blogcinemacentansdejeunesse.org\/centredecentre\/wp-content\/uploads\/sites\/12\/2023\/05\/mediatrices-1.jpg 2016w\" sizes=\"(max-width: 635px) 100vw, 635px\" \/><figcaption class=\"wp-element-caption\">Voici le parvis joliment illustr\u00e9 <strong>au parc de la Villette<\/strong> qui a \u00e9t\u00e9 choisi par la classe <br>comme lieu de m\u00e9diation pour reconcilier les 3 amies gr\u00e2ce  \u00e0 trois m\u00e9diatrices.<br><br>A c\u00f4t\u00e9 de ces 3 \u00eelots de copines en train de discuter pour r\u00e9parer leur amiti\u00e9,<br>  3 \u00e9l\u00e8ves de la classe, sp\u00e9cialistes du break dance \u00e9tudi\u00e9 pour la Semaine Olympique et Paralympique <br>avec<strong> le comit\u00e9 olympique de Paris 2024<\/strong>, ont \u00e9t\u00e9 aussi film\u00e9s pour t\u00e9moigner de leur envie de partager.<br><br>Les autres \u00e9l\u00e8ves ont pu tester le cycloskate, les rollers, la trotinette et le skate<br> en partenariat avec des \u00e9l\u00e8ves tuteurs pour les guider dans leurs apprentissages.<br> <br>Toutes ces activit\u00e9s t\u00e9moignent de la richesse des \u00e9changes entre les \u00e9l\u00e8ves de la classe.<\/figcaption><\/figure><\/div>\n\n\n<p><\/p>\n\n\n<div class=\"wp-block-image\">\n<figure class=\"aligncenter size-large is-resized\"><img decoding=\"async\" loading=\"lazy\" src=\"https:\/\/blogcinemacentansdejeunesse.org\/centredecentre\/wp-content\/uploads\/sites\/12\/2023\/05\/photosdegroupeMaSane-1-1024x646.jpg\" alt=\"\" class=\"wp-image-1424\" width=\"654\" height=\"412\" srcset=\"http:\/\/blogcinemacentansdejeunesse.org\/centredecentre\/wp-content\/uploads\/sites\/12\/2023\/05\/photosdegroupeMaSane-1-1024x646.jpg 1024w, http:\/\/blogcinemacentansdejeunesse.org\/centredecentre\/wp-content\/uploads\/sites\/12\/2023\/05\/photosdegroupeMaSane-1-300x189.jpg 300w, http:\/\/blogcinemacentansdejeunesse.org\/centredecentre\/wp-content\/uploads\/sites\/12\/2023\/05\/photosdegroupeMaSane-1-768x484.jpg 768w, http:\/\/blogcinemacentansdejeunesse.org\/centredecentre\/wp-content\/uploads\/sites\/12\/2023\/05\/photosdegroupeMaSane-1-1536x969.jpg 1536w, http:\/\/blogcinemacentansdejeunesse.org\/centredecentre\/wp-content\/uploads\/sites\/12\/2023\/05\/photosdegroupeMaSane-1.jpg 1717w\" sizes=\"(max-width: 654px) 100vw, 654px\" \/><figcaption class=\"wp-element-caption\">Et pour cl\u00f4turer le film essai en chanson festive sur l&rsquo;amiti\u00e9,<br> la chanteuse et guitariste s\u00e9n\u00e9galaise <strong>Ma San\u00e9 <\/strong>est venue pour la chanson de la fin <br>au pied du toboggan du dragon du <strong>parc de la Villette <\/strong>et devant la cit\u00e9 des sciences et de l&rsquo;industrie. <\/figcaption><\/figure><\/div>\n\n\n<p><\/p>\n\n\n\n<p>Bravo et merci \u00e0 tous ces talents venus d&rsquo;univers artistiques vari\u00e9s (cin\u00e9ma, musique, danse, street art) d&rsquo;avoir contribu\u00e9 \u00e0 la r\u00e9ussite et \u00e0 la richesse de ce beau film essai :<\/p>\n\n\n\n<p class=\"has-text-align-center\"> \u00ab\u00a0<em>le chant de l&rsquo;amiti\u00e9<\/em>\u00ab\u00a0<\/p>\n\n\n\n<p>Le canal de l&rsquo;Ourcq a montr\u00e9 \u00e0 la classe toutes ces facettes artistiques en promenant la classe de Pantin \u00e0 Paris.<\/p>\n\n\n\n<p class=\"has-text-align-center\">Pour finir cette belle aventure, la classe a rendez-vous pour la projection du film essai <\/p>\n\n\n\n<p class=\"has-text-align-center\">au <strong>cin\u00e9 104 de Pantin <\/strong>le mercredi 21, le jeudi 22 et le vendredi 23 juin 2023<\/p>\n\n\n\n<p class=\"has-text-align-center\"> avec toutes les <strong>classes d&rsquo;Ile de France<\/strong> participant \u00e0 ce beau projet.<\/p>\n","protected":false},"excerpt":{"rendered":"<p>La classe a voulu filmer des oeuvres de street art \u00e0 l&rsquo;ilot 27 et le parvis illustr\u00e9 du parc de la Villette mais aussi inviter des musiciens (le saxophoniste Xavier Sibre et la chanteuse guitariste Ma San\u00e9) sur le tournage &hellip; <a href=\"http:\/\/blogcinemacentansdejeunesse.org\/centredecentre\/saintexupery\/tournage-du-film-essai-volet-2-artistique\/\">Continuer la lecture <span class=\"meta-nav\">&rarr;<\/span><\/a><\/p>\n","protected":false},"author":28,"featured_media":0,"comment_status":"open","ping_status":"open","sticky":false,"template":"","format":"standard","meta":{"_coblocks_attr":"","_coblocks_dimensions":"","_coblocks_responsive_height":"","_coblocks_accordion_ie_support":""},"categories":[1],"tags":[],"_links":{"self":[{"href":"http:\/\/blogcinemacentansdejeunesse.org\/centredecentre\/wp-json\/wp\/v2\/posts\/1418"}],"collection":[{"href":"http:\/\/blogcinemacentansdejeunesse.org\/centredecentre\/wp-json\/wp\/v2\/posts"}],"about":[{"href":"http:\/\/blogcinemacentansdejeunesse.org\/centredecentre\/wp-json\/wp\/v2\/types\/post"}],"author":[{"embeddable":true,"href":"http:\/\/blogcinemacentansdejeunesse.org\/centredecentre\/wp-json\/wp\/v2\/users\/28"}],"replies":[{"embeddable":true,"href":"http:\/\/blogcinemacentansdejeunesse.org\/centredecentre\/wp-json\/wp\/v2\/comments?post=1418"}],"version-history":[{"count":15,"href":"http:\/\/blogcinemacentansdejeunesse.org\/centredecentre\/wp-json\/wp\/v2\/posts\/1418\/revisions"}],"predecessor-version":[{"id":1601,"href":"http:\/\/blogcinemacentansdejeunesse.org\/centredecentre\/wp-json\/wp\/v2\/posts\/1418\/revisions\/1601"}],"wp:attachment":[{"href":"http:\/\/blogcinemacentansdejeunesse.org\/centredecentre\/wp-json\/wp\/v2\/media?parent=1418"}],"wp:term":[{"taxonomy":"category","embeddable":true,"href":"http:\/\/blogcinemacentansdejeunesse.org\/centredecentre\/wp-json\/wp\/v2\/categories?post=1418"},{"taxonomy":"post_tag","embeddable":true,"href":"http:\/\/blogcinemacentansdejeunesse.org\/centredecentre\/wp-json\/wp\/v2\/tags?post=1418"}],"curies":[{"name":"wp","href":"https:\/\/api.w.org\/{rel}","templated":true}]}}