{"id":1273,"date":"2023-04-22T14:54:51","date_gmt":"2023-04-22T12:54:51","guid":{"rendered":"https:\/\/blogcinemacentansdejeunesse.org\/centredecentre\/?p=1273"},"modified":"2023-04-24T12:18:39","modified_gmt":"2023-04-24T10:18:39","slug":"reperages-pour-le-film-essai","status":"publish","type":"post","link":"http:\/\/blogcinemacentansdejeunesse.org\/centredecentre\/champollion\/reperages-pour-le-film-essai\/","title":{"rendered":"Rep\u00e9rages pour le film-essai"},"content":{"rendered":"\n<p>\u00e7a y est ! Nous avons fait les rep\u00e9rages pour le film de fin d&rsquo;ann\u00e9e. Nous sommes retourn\u00e9s \u00e0 la <strong>biblioth\u00e8que d&rsquo;\u00e9tude <\/strong>en face du cin\u00e9ma Chavant \u00e0 Grenoble. Certains y avaient d\u00e9j\u00e0 tourn\u00e9 pour l&rsquo;exercice 2; pour d&rsquo;autres ce fut une d\u00e9couverte. <strong>Nous avons  fait 3 demi-journ\u00e9es de rep\u00e9rages juste avant les vacances de Printemps. On a pu faire \u00e9merger quelques id\u00e9es pour notre film. Partir du lieu, s&rsquo;immerger dans celui-ci est plus facile que de penser une situation ou une histoire \u00e0 partir de la salle de classe. <\/strong><\/p>\n\n\n<div class=\"wp-block-image\">\n<figure class=\"alignleft size-medium is-resized\"><img decoding=\"async\" loading=\"lazy\" src=\"https:\/\/blogcinemacentansdejeunesse.org\/centredecentre\/wp-content\/uploads\/sites\/12\/2023\/04\/IMG_7405-225x300.jpg\" alt=\"\" class=\"wp-image-1274\" width=\"356\" height=\"474\" srcset=\"http:\/\/blogcinemacentansdejeunesse.org\/centredecentre\/wp-content\/uploads\/sites\/12\/2023\/04\/IMG_7405-225x300.jpg 225w, http:\/\/blogcinemacentansdejeunesse.org\/centredecentre\/wp-content\/uploads\/sites\/12\/2023\/04\/IMG_7405-768x1024.jpg 768w, http:\/\/blogcinemacentansdejeunesse.org\/centredecentre\/wp-content\/uploads\/sites\/12\/2023\/04\/IMG_7405.jpg 992w\" sizes=\"(max-width: 356px) 100vw, 356px\" \/><\/figure><\/div>\n\n<div class=\"wp-block-image\">\n<figure class=\"alignright size-large is-resized\"><img decoding=\"async\" loading=\"lazy\" src=\"https:\/\/blogcinemacentansdejeunesse.org\/centredecentre\/wp-content\/uploads\/sites\/12\/2023\/04\/IMG_7408-1024x768.jpg\" alt=\"\" class=\"wp-image-1281\" width=\"426\" height=\"319\" srcset=\"http:\/\/blogcinemacentansdejeunesse.org\/centredecentre\/wp-content\/uploads\/sites\/12\/2023\/04\/IMG_7408-1024x768.jpg 1024w, http:\/\/blogcinemacentansdejeunesse.org\/centredecentre\/wp-content\/uploads\/sites\/12\/2023\/04\/IMG_7408-300x225.jpg 300w, http:\/\/blogcinemacentansdejeunesse.org\/centredecentre\/wp-content\/uploads\/sites\/12\/2023\/04\/IMG_7408-768x576.jpg 768w, http:\/\/blogcinemacentansdejeunesse.org\/centredecentre\/wp-content\/uploads\/sites\/12\/2023\/04\/IMG_7408.jpg 1417w\" sizes=\"(max-width: 426px) 100vw, 426px\" \/><\/figure><\/div>\n\n\n<p><strong>1er jour : Premi\u00e8res impressions dans ce lieu: <\/strong><\/p>\n\n\n\n<p><strong>Marie:<\/strong> Il sera facile de jouer avec les couleurs dans ce lieu. Le gris, le froid de la salle du 5\u00e8me \u00e9tage contraste avec les couleurs plus chaudes et le rouge des piliers du 6\u00e8me. Ce n&rsquo;est pas le m\u00eame jeu de lumi\u00e8res. On pourrait exploiter \u00e7a pour le film. Plus on monte dans cet espace, plus les fen\u00eatres s&rsquo;\u00e9largissent. <\/p>\n\n\n\n<p><strong>Chlo\u00e9<\/strong>: Nous sommes dans un espace silencieux car c&rsquo;est une biblioth\u00e8que, mais j&rsquo;ai remarqu\u00e9 gr\u00e2ce au silence plein de bruits interr\u00e9ssants. Peut-\u00eatre pourra t-on imaginer un bruit qui se d\u00e9tache particuli\u00e8rement . Une personne qui travaille et qui est fatigu\u00e9e et des bruits qui amplifient sa fatigue en les faisant ressortir du silence. <\/p>\n\n\n\n<p><strong>C\u00f4me:<\/strong> Le silence permet finalement de mieux distinguer les bruits. Sinon, on a l&rsquo;impression ici de \u00ab\u00a0backrooms\u00a0\u00bb, de personnages qui pourraient \u00eatre bloqu\u00e9s dans des espaces abandonn\u00e9s..<\/p>\n\n\n\n<p><strong>C\u00e9lie: <\/strong>J&rsquo;ai remarqu\u00e9 le contraste entre des lieux pleins et des lieux vides. la salle du 5\u00e8me \u00e9tage donne une impression de peu d&rsquo;\u00e9motions, de froideur&#8230;On pourrait jouer avec les reflets du plafond&#8230;<\/p>\n\n\n\n<p><strong>L\u00e9o: <\/strong>Beaucoup d&rsquo;espaces se ressemblent, et c&rsquo;est un lieu o\u00f9 on peut se perdre. Peut-\u00eatre peut-on garder cette id\u00e9e de labyrinthe&#8230;<\/p>\n\n\n\n<p><strong>Anthony<\/strong>: J&rsquo;aimerais qu&rsquo;on r\u00e9utilise la grande all\u00e9e au dernier \u00e9tage. L&rsquo;escalier peut aussi \u00eatre int\u00e9ressant \u00e0 filmer d&rsquo;en haut. <\/p>\n\n\n\n<p><strong>Sara\u00ef:<\/strong> Le silence est parfois pesant, surtout dans le vide du 5\u00e8me \u00e9tage. C&rsquo;est un silence assourdissant qui peut donner une certaine atmosph\u00e8re \u00ab\u00a0malaisante\u00a0\u00bb d&rsquo;\u00e9tranget\u00e9, de fantastique&#8230;Certains espaces sont angoissants, d\u00e9shumanisants&#8230;<\/p>\n\n\n\n<p><strong>Barnab\u00e9<\/strong>: Les escaliers sont \u00e0 exploiter comme une id\u00e9e de boucle sans fin. J&rsquo;ai aussi remarqu\u00e9 le contraste de lumi\u00e8res entre le 5\u00e8me et le 6\u00e8me \u00e9tage. L&rsquo;id\u00e9e que quelqu(un se perde \u00e0 un moment dans ces espaces est bonne. <\/p>\n\n\n<div class=\"wp-block-image\">\n<figure class=\"alignleft size-large is-resized\"><img decoding=\"async\" loading=\"lazy\" src=\"https:\/\/blogcinemacentansdejeunesse.org\/centredecentre\/wp-content\/uploads\/sites\/12\/2023\/04\/IMG_7394-768x1024.jpg\" alt=\"\" class=\"wp-image-1277\" width=\"315\" height=\"420\" srcset=\"http:\/\/blogcinemacentansdejeunesse.org\/centredecentre\/wp-content\/uploads\/sites\/12\/2023\/04\/IMG_7394-768x1024.jpg 768w, http:\/\/blogcinemacentansdejeunesse.org\/centredecentre\/wp-content\/uploads\/sites\/12\/2023\/04\/IMG_7394-225x300.jpg 225w, http:\/\/blogcinemacentansdejeunesse.org\/centredecentre\/wp-content\/uploads\/sites\/12\/2023\/04\/IMG_7394-1152x1536.jpg 1152w, http:\/\/blogcinemacentansdejeunesse.org\/centredecentre\/wp-content\/uploads\/sites\/12\/2023\/04\/IMG_7394.jpg 1417w\" sizes=\"(max-width: 315px) 100vw, 315px\" \/><\/figure><\/div>\n\n<div class=\"wp-block-image\">\n<figure class=\"alignright size-large is-resized\"><img decoding=\"async\" loading=\"lazy\" src=\"https:\/\/blogcinemacentansdejeunesse.org\/centredecentre\/wp-content\/uploads\/sites\/12\/2023\/04\/IMG_7399-768x1024.jpg\" alt=\"\" class=\"wp-image-1280\" width=\"292\" height=\"389\" srcset=\"http:\/\/blogcinemacentansdejeunesse.org\/centredecentre\/wp-content\/uploads\/sites\/12\/2023\/04\/IMG_7399-768x1024.jpg 768w, http:\/\/blogcinemacentansdejeunesse.org\/centredecentre\/wp-content\/uploads\/sites\/12\/2023\/04\/IMG_7399-225x300.jpg 225w, http:\/\/blogcinemacentansdejeunesse.org\/centredecentre\/wp-content\/uploads\/sites\/12\/2023\/04\/IMG_7399-1152x1536.jpg 1152w, http:\/\/blogcinemacentansdejeunesse.org\/centredecentre\/wp-content\/uploads\/sites\/12\/2023\/04\/IMG_7399.jpg 1417w\" sizes=\"(max-width: 292px) 100vw, 292px\" \/><\/figure><\/div>\n\n\n<p><\/p>\n\n\n\n<p><strong>Basile<\/strong>: Peut-\u00eatre pourrait-on filmer la fatigue de quelqu&rsquo;un qui travaille le soir? dans la salle du 6\u00e8me \u00e9tage, cela rendrait une belle ambiance \u00e0 l&rsquo;image, mais difficile d&rsquo;avoir l&rsquo;autorisation ( voire impossible !)<\/p>\n\n\n\n<p><strong>Maxime: <\/strong>J&rsquo;ai aim\u00e9 la baie vitr\u00e9e que ce soit dans la salle du 5\u00e8me ou celle du 6\u00e8me. Le paysage est impressionnant, comme une \u00ab\u00a0vision divine\u00a0\u00bb. Peut-\u00eatre que dans notre filmage, \u00e0 un moment donn\u00e9, il faudra sortir vers l&rsquo;ext\u00e9rieur?  J&rsquo;ai remarqu\u00e9 aussi des motifs g\u00e9om\u00e9triques au sol, au plafond&#8230;Tous les gens qui sont ici font des t\u00e2ches diff\u00e9rentes, certains travaillent, d&rsquo;autres pensent, d&rsquo;autres dorment, lisent, jouent, sont sur un ordinateur ou leur t\u00e9l\u00e9phone&#8230;<\/p>\n\n\n<div class=\"wp-block-image\">\n<figure class=\"aligncenter size-large is-resized\"><img decoding=\"async\" loading=\"lazy\" src=\"https:\/\/blogcinemacentansdejeunesse.org\/centredecentre\/wp-content\/uploads\/sites\/12\/2023\/04\/IMG_7402-1024x768.jpg\" alt=\"\" class=\"wp-image-1276\" width=\"410\" height=\"307\" srcset=\"http:\/\/blogcinemacentansdejeunesse.org\/centredecentre\/wp-content\/uploads\/sites\/12\/2023\/04\/IMG_7402-1024x768.jpg 1024w, http:\/\/blogcinemacentansdejeunesse.org\/centredecentre\/wp-content\/uploads\/sites\/12\/2023\/04\/IMG_7402-300x225.jpg 300w, http:\/\/blogcinemacentansdejeunesse.org\/centredecentre\/wp-content\/uploads\/sites\/12\/2023\/04\/IMG_7402-768x576.jpg 768w, http:\/\/blogcinemacentansdejeunesse.org\/centredecentre\/wp-content\/uploads\/sites\/12\/2023\/04\/IMG_7402.jpg 1417w\" sizes=\"(max-width: 410px) 100vw, 410px\" \/><\/figure><\/div>\n\n\n<p><strong>Alexandre:<\/strong> J&rsquo;ai remarqu\u00e9 les couleurs jaunies vers les toilettes au 5\u00e8me \u00e9tage, qui donnent encore plus l&rsquo;impression  d\u2019\u00e9tranget\u00e9. <\/p>\n\n\n\n<p>Petit \u00e0 petit, \u00e0 la fin de cette premi\u00e8re journ\u00e9e, une situation commence \u00e0 \u00e9merger ainsi qu&rsquo;une \u00e9bauche d&rsquo;histoire&#8230; <\/p>\n\n\n\n<p>On filmera au 6\u00e8me \u00e9tage une situation dans le r\u00e9el qui basculera dans l&rsquo;onirisme au 5\u00e8me \u00e9tage. Peut-\u00eatre un personnage qui travaille beaucoup puis s&rsquo;endort&#8230;Dans l&rsquo;onirisme, l&rsquo;id\u00e9e \u00e9merge qu&rsquo;il traverse une confusion labyrinthique avant de retourner au r\u00e9el. <\/p>\n\n\n\n<p><strong><em>Mulholland drive<\/em> <\/strong>de David Lynch<strong> <\/strong>revient souvent en r\u00e9f\u00e9rence.<\/p>\n\n\n\n<figure class=\"wp-block-image size-large is-resized\"><img decoding=\"async\" loading=\"lazy\" src=\"https:\/\/blogcinemacentansdejeunesse.org\/centredecentre\/wp-content\/uploads\/sites\/12\/2023\/04\/IMG_7400-768x1024.jpg\" alt=\"\" class=\"wp-image-1279\" width=\"379\" height=\"506\" srcset=\"http:\/\/blogcinemacentansdejeunesse.org\/centredecentre\/wp-content\/uploads\/sites\/12\/2023\/04\/IMG_7400-768x1024.jpg 768w, http:\/\/blogcinemacentansdejeunesse.org\/centredecentre\/wp-content\/uploads\/sites\/12\/2023\/04\/IMG_7400-225x300.jpg 225w, http:\/\/blogcinemacentansdejeunesse.org\/centredecentre\/wp-content\/uploads\/sites\/12\/2023\/04\/IMG_7400-1152x1536.jpg 1152w, http:\/\/blogcinemacentansdejeunesse.org\/centredecentre\/wp-content\/uploads\/sites\/12\/2023\/04\/IMG_7400.jpg 1417w\" sizes=\"(max-width: 379px) 100vw, 379px\" \/><\/figure>\n\n\n<div class=\"wp-block-image\">\n<figure class=\"alignright size-large is-resized\"><img decoding=\"async\" loading=\"lazy\" src=\"https:\/\/blogcinemacentansdejeunesse.org\/centredecentre\/wp-content\/uploads\/sites\/12\/2023\/04\/IMG_7395-1024x768.jpg\" alt=\"\" class=\"wp-image-1278\" width=\"378\" height=\"283\" srcset=\"http:\/\/blogcinemacentansdejeunesse.org\/centredecentre\/wp-content\/uploads\/sites\/12\/2023\/04\/IMG_7395-1024x768.jpg 1024w, http:\/\/blogcinemacentansdejeunesse.org\/centredecentre\/wp-content\/uploads\/sites\/12\/2023\/04\/IMG_7395-300x225.jpg 300w, http:\/\/blogcinemacentansdejeunesse.org\/centredecentre\/wp-content\/uploads\/sites\/12\/2023\/04\/IMG_7395-768x576.jpg 768w, http:\/\/blogcinemacentansdejeunesse.org\/centredecentre\/wp-content\/uploads\/sites\/12\/2023\/04\/IMG_7395.jpg 1417w\" sizes=\"(max-width: 378px) 100vw, 378px\" \/><\/figure><\/div>\n\n\n<p><strong>2\u00e8me jour: Nouvelles impressions. On peaufine l&rsquo;\u00e9criture avec Chiara et Clara T<\/strong> <strong>qui se joignent \u00e0 nous. <\/strong><\/p>\n\n\n\n<p><em>On pense \u00e0 4 s\u00e9quences possibles. <\/em><strong>S\u00e9quence 1<\/strong>: un personnage travaille au 6\u00e8me \u00e9tage longuement. Le temps s&rsquo;\u00e9coule et il bute sur un probl\u00e8me, sur des mots dans son \u00e9tude. La fatigue du personnage s&rsquo;amplifie par les sons. Les bruits de travail s&rsquo;amplifient et apparaissent de plus en plus comme le personnage les per\u00e7oit.  Pour cette s\u00e9quence, Chlo\u00e9 a fait r\u00e9f\u00e9rence au film <strong><em>Les oiseaux<\/em><\/strong>, vu au lyc\u00e9e: la s\u00e9quence dans la cour d&rsquo;\u00e9cole o\u00f9 les oiseaux envahissent petit \u00e0 petit l&rsquo;espace. On pourrait \u00eatre dans le mouvement inverse, la salle se vide petit \u00e0 petit pour laisser le personnage dans sa bulle. <strong>s\u00e9quence 2: <\/strong>Ce m\u00eame personnage se retrouve dans la salle vide du 5\u00e8me. Il est potentiellement dans l&rsquo;espace du r\u00eave, de l&rsquo;irr\u00e9el. Il d\u00e9couvre l&rsquo;espace et se dirige vers la baie vitr\u00e9e. Il s&rsquo;\u00e9vade vers l&rsquo;ext\u00e9rieur, un espace d\u00e9shumanisant. <strong>s\u00e9quence 3:<\/strong> il cherche \u00e0 sortir de cet espace labyrinthique mais se retrouve toujours au m\u00eame endroit. Un personnage surgit dans l&rsquo;irr\u00e9el et lui apporte une r\u00e9ponse. <strong>S\u00e9quence 4<\/strong>: le retour au r\u00e9el au 6\u00e8me, il se retrouve face au personnage rencontr\u00e9 dans l&rsquo;espace onirique, mais ils semblent ne s&rsquo;\u00eatre jamais rencontr\u00e9s&#8230;<\/p>\n\n\n\n<p><strong>3\u00e8me jour: \u00e9quipe sons\/ musique Nous essayons d&rsquo;\u00eatre davantage attentifs aux sons sur cette demi-journ\u00e9e. Les premiers retours&#8230;<\/strong><\/p>\n\n\n\n<p><strong>L\u00e9o:<\/strong> les stylos, les bouteilles d&rsquo;eau, les feuilles, les chuchotements, les trousses, la soufflerie, le \u00ab\u00a0tapotage\u00a0\u00bb sur les ordinateurs&#8230;le vent qui siffle vers l&rsquo;espace des magazines. <\/p>\n\n\n\n<p><strong>Louise<\/strong>: le clic des souris, les pas sourds sur la moquette, le zip des vestes<\/p>\n\n\n\n<p><strong>Elora:<\/strong> les stylos, les chaises que l&rsquo;on pousse, les pages des livres qui se tournent&#8230;<\/p>\n\n\n\n<p><strong>Cl\u00e9mence<\/strong>: Les imprimantes, le bruit des ascenseurs, les voitures dehors, quelques sir\u00e8nes, le bruits de n\u00e9ons \u00e0 exploiter&#8230;<\/p>\n\n\n\n<p><strong>Dorian:<\/strong> les sonneries de t\u00e9l\u00e9phones, les portes&#8230;<\/p>\n\n\n\n<p><strong>Math\u00e9o:<\/strong> une atmosph\u00e8re feutr\u00e9e agr\u00e9able au 6\u00e8me \u00e9tage<\/p>\n\n\n\n<p><strong>Yoann:<\/strong> une atmosph\u00e8re propice au travail. <\/p>\n\n\n\n<p><strong>Clara L<\/strong>: Proposition d&rsquo;amplifier au fur et \u00e0 mesure sur la s\u00e9quence 1 les bruits de claviers ou de stylos&#8230;Ainsi, cela contrasterait avec la s\u00e9quence 2 o\u00f9 on plongerait tout d&rsquo;un coup vers un silence total avec la lumi\u00e8re qui change. <\/p>\n\n\n\n<p><strong>Affaire \u00e0 suivre \u00e0 la rentr\u00e9e&#8230;<\/strong><\/p>\n","protected":false},"excerpt":{"rendered":"<p>\u00e7a y est ! Nous avons fait les rep\u00e9rages pour le film de fin d&rsquo;ann\u00e9e. Nous sommes retourn\u00e9s \u00e0 la biblioth\u00e8que d&rsquo;\u00e9tude en face du cin\u00e9ma Chavant \u00e0 Grenoble. Certains y avaient d\u00e9j\u00e0 tourn\u00e9 pour l&rsquo;exercice 2; pour d&rsquo;autres ce &hellip; <a href=\"http:\/\/blogcinemacentansdejeunesse.org\/centredecentre\/champollion\/reperages-pour-le-film-essai\/\">Continuer la lecture <span class=\"meta-nav\">&rarr;<\/span><\/a><\/p>\n","protected":false},"author":38,"featured_media":0,"comment_status":"open","ping_status":"open","sticky":false,"template":"","format":"standard","meta":{"_coblocks_attr":"","_coblocks_dimensions":"","_coblocks_responsive_height":"","_coblocks_accordion_ie_support":""},"categories":[1],"tags":[],"_links":{"self":[{"href":"http:\/\/blogcinemacentansdejeunesse.org\/centredecentre\/wp-json\/wp\/v2\/posts\/1273"}],"collection":[{"href":"http:\/\/blogcinemacentansdejeunesse.org\/centredecentre\/wp-json\/wp\/v2\/posts"}],"about":[{"href":"http:\/\/blogcinemacentansdejeunesse.org\/centredecentre\/wp-json\/wp\/v2\/types\/post"}],"author":[{"embeddable":true,"href":"http:\/\/blogcinemacentansdejeunesse.org\/centredecentre\/wp-json\/wp\/v2\/users\/38"}],"replies":[{"embeddable":true,"href":"http:\/\/blogcinemacentansdejeunesse.org\/centredecentre\/wp-json\/wp\/v2\/comments?post=1273"}],"version-history":[{"count":11,"href":"http:\/\/blogcinemacentansdejeunesse.org\/centredecentre\/wp-json\/wp\/v2\/posts\/1273\/revisions"}],"predecessor-version":[{"id":1322,"href":"http:\/\/blogcinemacentansdejeunesse.org\/centredecentre\/wp-json\/wp\/v2\/posts\/1273\/revisions\/1322"}],"wp:attachment":[{"href":"http:\/\/blogcinemacentansdejeunesse.org\/centredecentre\/wp-json\/wp\/v2\/media?parent=1273"}],"wp:term":[{"taxonomy":"category","embeddable":true,"href":"http:\/\/blogcinemacentansdejeunesse.org\/centredecentre\/wp-json\/wp\/v2\/categories?post=1273"},{"taxonomy":"post_tag","embeddable":true,"href":"http:\/\/blogcinemacentansdejeunesse.org\/centredecentre\/wp-json\/wp\/v2\/tags?post=1273"}],"curies":[{"name":"wp","href":"https:\/\/api.w.org\/{rel}","templated":true}]}}