{"id":1038,"date":"2023-03-13T13:30:10","date_gmt":"2023-03-13T12:30:10","guid":{"rendered":"https:\/\/blogcinemacentansdejeunesse.org\/centredecentre\/?p=1038"},"modified":"2023-09-04T12:10:37","modified_gmt":"2023-09-04T10:10:37","slug":"__trashed-5","status":"publish","type":"post","link":"http:\/\/blogcinemacentansdejeunesse.org\/centredecentre\/pierrematraja\/__trashed-5\/","title":{"rendered":"Pr\u00e9sentation de l&rsquo;atelier"},"content":{"rendered":"\n<p>Nous sommes une classe dites \u00ab&nbsp;Cin\u00e9ma&nbsp;\u00bb de 30 \u00e9l\u00e8ves de cinqui\u00e8me. Nous avons choisi, en fin de sixi\u00e8me, de participer au dispositif \u00ab&nbsp;Cin\u00e9ma cent ans de jeunesse&nbsp;\u00bb. Ce projet existe au coll\u00e8ge depuis plus de 20 ans.<\/p>\n\n\n\n<p>Sausset les Pins, o\u00f9 nous vivons, est un petit village de p\u00eacheurs, devenu un lieu tr\u00e8s convoit\u00e9: Un bord de mer encore humain, loin de l\u2019agitation de Marseille et des plages de la c\u00f4te d\u2019Azur.<\/p>\n\n\n\n<p>Nous avons cours de cin\u00e9ma, dans notre emploi du temps tous les jeudis de 14h00 \u00e0 16h00.<\/p>\n\n\n\n<p>Madame Moreno (professeur d\u2019anglais), monsieur Neulet (professeur d\u2019EPS) et madame Obadia (professeur d\u2019arts plastiques) nous accompagnent sur ce projet.<\/p>\n\n\n\n<p>Nos partenaires culturels sont le cin\u00e9ma \u00ab&nbsp;La Cascade&nbsp;\u00bb \u00e0 Martigues et la compagnie d\u2019Avril. Elyse Tamisier, notre intervenante, nous guide tout au long des \u00e9tapes importantes de ce projet.<\/p>\n\n\n<div class=\"wp-block-image\">\n<figure class=\"aligncenter size-large is-resized\"><img decoding=\"async\" loading=\"lazy\" src=\"https:\/\/blogcinemacentansdejeunesse.org\/centredecentre\/wp-content\/uploads\/sites\/12\/2023\/03\/Turina-Quentin-698x1024.jpg\" alt=\"\" class=\"wp-image-1039\" width=\"408\" height=\"598\" srcset=\"http:\/\/blogcinemacentansdejeunesse.org\/centredecentre\/wp-content\/uploads\/sites\/12\/2023\/03\/Turina-Quentin-698x1024.jpg 698w, http:\/\/blogcinemacentansdejeunesse.org\/centredecentre\/wp-content\/uploads\/sites\/12\/2023\/03\/Turina-Quentin-204x300.jpg 204w, http:\/\/blogcinemacentansdejeunesse.org\/centredecentre\/wp-content\/uploads\/sites\/12\/2023\/03\/Turina-Quentin-768x1127.jpg 768w, http:\/\/blogcinemacentansdejeunesse.org\/centredecentre\/wp-content\/uploads\/sites\/12\/2023\/03\/Turina-Quentin-1047x1536.jpg 1047w, http:\/\/blogcinemacentansdejeunesse.org\/centredecentre\/wp-content\/uploads\/sites\/12\/2023\/03\/Turina-Quentin.jpg 1363w\" sizes=\"(max-width: 408px) 100vw, 408px\" \/><\/figure><\/div>\n\n\n<p>Nous avons commenc\u00e9 cette ann\u00e9e par un travail photographique d\u2019autoportrait qui servait tout autant \u00e0 nous pr\u00e9senter qu\u2019\u00e0 identifier la question de cin\u00e9ma de cette ann\u00e9e&nbsp;: \u00ab&nbsp;Centr\u00e9 \/ d\u00e9centr\u00e9 au cin\u00e9ma&nbsp;\u00bb. Les photos qui suivent en t\u00e9moignent.<\/p>\n\n\n<div class=\"wp-block-image\">\n<figure class=\"aligncenter size-large is-resized\"><img decoding=\"async\" loading=\"lazy\" src=\"https:\/\/blogcinemacentansdejeunesse.org\/centredecentre\/wp-content\/uploads\/sites\/12\/2023\/03\/Angelique-MAIRATA-1024x768.jpg\" alt=\"\" class=\"wp-image-1040\" width=\"514\" height=\"385\" srcset=\"http:\/\/blogcinemacentansdejeunesse.org\/centredecentre\/wp-content\/uploads\/sites\/12\/2023\/03\/Angelique-MAIRATA-1024x768.jpg 1024w, http:\/\/blogcinemacentansdejeunesse.org\/centredecentre\/wp-content\/uploads\/sites\/12\/2023\/03\/Angelique-MAIRATA-300x225.jpg 300w, http:\/\/blogcinemacentansdejeunesse.org\/centredecentre\/wp-content\/uploads\/sites\/12\/2023\/03\/Angelique-MAIRATA-768x576.jpg 768w, http:\/\/blogcinemacentansdejeunesse.org\/centredecentre\/wp-content\/uploads\/sites\/12\/2023\/03\/Angelique-MAIRATA.jpg 1365w\" sizes=\"(max-width: 514px) 100vw, 514px\" \/><\/figure><\/div>\n\n<div class=\"wp-block-image\">\n<figure class=\"aligncenter size-large is-resized\"><img decoding=\"async\" loading=\"lazy\" src=\"https:\/\/blogcinemacentansdejeunesse.org\/centredecentre\/wp-content\/uploads\/sites\/12\/2023\/03\/Erynn-Bournet-Autoportrait-768x1024.jpg\" alt=\"\" class=\"wp-image-1041\" width=\"462\" height=\"616\" srcset=\"http:\/\/blogcinemacentansdejeunesse.org\/centredecentre\/wp-content\/uploads\/sites\/12\/2023\/03\/Erynn-Bournet-Autoportrait-768x1024.jpg 768w, http:\/\/blogcinemacentansdejeunesse.org\/centredecentre\/wp-content\/uploads\/sites\/12\/2023\/03\/Erynn-Bournet-Autoportrait-225x300.jpg 225w, http:\/\/blogcinemacentansdejeunesse.org\/centredecentre\/wp-content\/uploads\/sites\/12\/2023\/03\/Erynn-Bournet-Autoportrait-1152x1536.jpg 1152w, http:\/\/blogcinemacentansdejeunesse.org\/centredecentre\/wp-content\/uploads\/sites\/12\/2023\/03\/Erynn-Bournet-Autoportrait.jpg 1200w\" sizes=\"(max-width: 462px) 100vw, 462px\" \/><\/figure><\/div>\n\n<div class=\"wp-block-image\">\n<figure class=\"aligncenter size-large is-resized\"><img decoding=\"async\" loading=\"lazy\" src=\"https:\/\/blogcinemacentansdejeunesse.org\/centredecentre\/wp-content\/uploads\/sites\/12\/2023\/03\/Marvin-Bargain-Autoportrait-1024x768.jpg\" alt=\"\" class=\"wp-image-1042\" width=\"478\" height=\"358\" srcset=\"http:\/\/blogcinemacentansdejeunesse.org\/centredecentre\/wp-content\/uploads\/sites\/12\/2023\/03\/Marvin-Bargain-Autoportrait-1024x768.jpg 1024w, http:\/\/blogcinemacentansdejeunesse.org\/centredecentre\/wp-content\/uploads\/sites\/12\/2023\/03\/Marvin-Bargain-Autoportrait-300x225.jpg 300w, http:\/\/blogcinemacentansdejeunesse.org\/centredecentre\/wp-content\/uploads\/sites\/12\/2023\/03\/Marvin-Bargain-Autoportrait-768x576.jpg 768w, http:\/\/blogcinemacentansdejeunesse.org\/centredecentre\/wp-content\/uploads\/sites\/12\/2023\/03\/Marvin-Bargain-Autoportrait.jpg 1365w\" sizes=\"(max-width: 478px) 100vw, 478px\" \/><\/figure><\/div>\n\n<div class=\"wp-block-image\">\n<figure class=\"aligncenter size-full is-resized\"><img decoding=\"async\" loading=\"lazy\" src=\"https:\/\/blogcinemacentansdejeunesse.org\/centredecentre\/wp-content\/uploads\/sites\/12\/2023\/03\/image-82.jpg\" alt=\"\" class=\"wp-image-1043\" width=\"495\" height=\"317\" srcset=\"http:\/\/blogcinemacentansdejeunesse.org\/centredecentre\/wp-content\/uploads\/sites\/12\/2023\/03\/image-82.jpg 1024w, http:\/\/blogcinemacentansdejeunesse.org\/centredecentre\/wp-content\/uploads\/sites\/12\/2023\/03\/image-82-300x192.jpg 300w, http:\/\/blogcinemacentansdejeunesse.org\/centredecentre\/wp-content\/uploads\/sites\/12\/2023\/03\/image-82-768x493.jpg 768w\" sizes=\"(max-width: 495px) 100vw, 495px\" \/><\/figure><\/div>\n\n<div class=\"wp-block-image\">\n<figure class=\"aligncenter size-large is-resized\"><img decoding=\"async\" loading=\"lazy\" src=\"https:\/\/blogcinemacentansdejeunesse.org\/centredecentre\/wp-content\/uploads\/sites\/12\/2023\/03\/Nolan-Kaluzny-5E-Autoportrait-1024x768.jpg\" alt=\"\" class=\"wp-image-1044\" width=\"502\" height=\"375\"\/><\/figure><\/div>\n\n\n<figure class=\"wp-block-image\"><img alt=\"\"\/><\/figure>\n","protected":false},"excerpt":{"rendered":"<p>Nous sommes une classe dites \u00ab&nbsp;Cin\u00e9ma&nbsp;\u00bb de 30 \u00e9l\u00e8ves de cinqui\u00e8me. Nous avons choisi, en fin de sixi\u00e8me, de participer au dispositif \u00ab&nbsp;Cin\u00e9ma cent ans de jeunesse&nbsp;\u00bb. Ce projet existe au coll\u00e8ge depuis plus de 20 ans. Sausset les Pins, &hellip; <a href=\"http:\/\/blogcinemacentansdejeunesse.org\/centredecentre\/pierrematraja\/__trashed-5\/\">Continuer la lecture <span class=\"meta-nav\">&rarr;<\/span><\/a><\/p>\n","protected":false},"author":57,"featured_media":0,"comment_status":"open","ping_status":"open","sticky":false,"template":"","format":"standard","meta":{"_coblocks_attr":"","_coblocks_dimensions":"","_coblocks_responsive_height":"","_coblocks_accordion_ie_support":""},"categories":[1,29],"tags":[],"_links":{"self":[{"href":"http:\/\/blogcinemacentansdejeunesse.org\/centredecentre\/wp-json\/wp\/v2\/posts\/1038"}],"collection":[{"href":"http:\/\/blogcinemacentansdejeunesse.org\/centredecentre\/wp-json\/wp\/v2\/posts"}],"about":[{"href":"http:\/\/blogcinemacentansdejeunesse.org\/centredecentre\/wp-json\/wp\/v2\/types\/post"}],"author":[{"embeddable":true,"href":"http:\/\/blogcinemacentansdejeunesse.org\/centredecentre\/wp-json\/wp\/v2\/users\/57"}],"replies":[{"embeddable":true,"href":"http:\/\/blogcinemacentansdejeunesse.org\/centredecentre\/wp-json\/wp\/v2\/comments?post=1038"}],"version-history":[{"count":4,"href":"http:\/\/blogcinemacentansdejeunesse.org\/centredecentre\/wp-json\/wp\/v2\/posts\/1038\/revisions"}],"predecessor-version":[{"id":1606,"href":"http:\/\/blogcinemacentansdejeunesse.org\/centredecentre\/wp-json\/wp\/v2\/posts\/1038\/revisions\/1606"}],"wp:attachment":[{"href":"http:\/\/blogcinemacentansdejeunesse.org\/centredecentre\/wp-json\/wp\/v2\/media?parent=1038"}],"wp:term":[{"taxonomy":"category","embeddable":true,"href":"http:\/\/blogcinemacentansdejeunesse.org\/centredecentre\/wp-json\/wp\/v2\/categories?post=1038"},{"taxonomy":"post_tag","embeddable":true,"href":"http:\/\/blogcinemacentansdejeunesse.org\/centredecentre\/wp-json\/wp\/v2\/tags?post=1038"}],"curies":[{"name":"wp","href":"https:\/\/api.w.org\/{rel}","templated":true}]}}